{"id":13804,"date":"2022-04-29T10:02:48","date_gmt":"2022-04-29T10:02:48","guid":{"rendered":"https:\/\/albergueesplaibarcelona.com\/?p=13804"},"modified":"2023-11-20T18:14:50","modified_gmt":"2023-11-20T17:14:50","slug":"8-festes-populars-de-catalunya-impressionants","status":"publish","type":"post","link":"https:\/\/albergueesplaibarcelona.com\/ca\/blog-ca\/barcelona-en-familia-ca\/8-festes-populars-de-catalunya-impressionants\/","title":{"rendered":"8 Festes populars de Catalunya impressionants!"},"content":{"rendered":"<p>[et_pb_section fb_built=&#8221;1&#8243; _builder_version=&#8221;4.10.8&#8243; _module_preset=&#8221;default&#8221; global_colors_info=&#8221;{}&#8221;][et_pb_row _builder_version=&#8221;4.10.8&#8243; _module_preset=&#8221;default&#8221; global_colors_info=&#8221;{}&#8221;][et_pb_column type=&#8221;4_4&#8243; _builder_version=&#8221;4.10.8&#8243; _module_preset=&#8221;default&#8221; global_colors_info=&#8221;{}&#8221;][et_pb_text _builder_version=&#8221;4.10.8&#8243; _module_preset=&#8221;default&#8221; global_colors_info=&#8221;{}&#8221;]<\/p>\n<p>D&#8217;acord&#8230; ja tens el teu viatge arreu de <a href=\"https:\/\/ca.wikipedia.org\/wiki\/Catalunya\">Catalunya<\/a> planejat. Ja has conegut tot el que havies de con\u00e8ixer sobre <a href=\"https:\/\/albergueesplaibarcelona.com\/ca\/blog-ca\/barcelona-en-familia-ca\/com-gaudir-al-maxim-dantoni-gaudi\/\">Antoni Gaud\u00ed<\/a>, ja saps on veure <a href=\"https:\/\/albergueesplaibarcelona.com\/ca\/blog-ca\/barcelona-en-familia-ca\/els-6-millors-llocs-per-veure-la-posta-de-sol-a-barcelona\/\">la millor posta de sol de Barcelona<\/a>, per\u00f2 ens falta alguna cosa&#8230; Ah, s\u00ed! <strong>Qu\u00e8 passa amb les tradicions, la cultura i les festes populars?<\/strong><\/p>\n<p>A l&#8217;<a href=\"https:\/\/albergueesplaibarcelona.com\/ca\/\">Alberg Centre Esplai<\/a> <strong>estem segurs\/es que siguis on siguis de Catalunya i durant qualsevol l&#8217;\u00e8poca de l&#8217;any, com veur\u00e0s en aquesta entrada, trobar\u00e0s festes populars, fires o festes tradicionals plenes de vida<\/strong>! En aquesta article volem destacar-ne algunes de molt xules per si encara no les has conegut totes!<\/p>\n<p>[\/et_pb_text][et_pb_text _builder_version=&#8221;4.10.8&#8243; _module_preset=&#8221;default&#8221; custom_margin=&#8221;20px||30px||false|false&#8221; global_colors_info=&#8221;{}&#8221;]<\/p>\n<p style=\"text-align: center;\"><i class=\"fas fa-bolt\"><\/i><strong> Quina festa catalana ser\u00e0 la teva preferida?<\/strong><\/p>\n<p>[\/et_pb_text][et_pb_image src=&#8221;https:\/\/albergueesplaibarcelona.com\/wp-content\/uploads\/2022\/04\/Festes-de-Gracia-a-Barcelona.jpg&#8221; alt=&#8221;Festes de Gracia a Barcelona&#8221; title_text=&#8221;Festes de Gracia a Barcelona&#8221; _builder_version=&#8221;4.10.8&#8243; _module_preset=&#8221;default&#8221; global_colors_info=&#8221;{}&#8221;][\/et_pb_image][et_pb_divider _builder_version=&#8221;4.10.8&#8243; _module_preset=&#8221;default&#8221; custom_margin=&#8221;30px||40px||false|false&#8221; global_colors_info=&#8221;{}&#8221;][\/et_pb_divider][\/et_pb_column][\/et_pb_row][et_pb_row _builder_version=&#8221;4.10.8&#8243; _module_preset=&#8221;default&#8221; global_colors_info=&#8221;{}&#8221;][et_pb_column type=&#8221;4_4&#8243; _builder_version=&#8221;4.10.8&#8243; _module_preset=&#8221;default&#8221; global_colors_info=&#8221;{}&#8221;][et_pb_text admin_label=&#8221;1. Carnaval&#8221; _builder_version=&#8221;4.10.8&#8243; _module_preset=&#8221;default&#8221; global_colors_info=&#8221;{}&#8221;]<\/p>\n<h3>1. Carnaval<\/h3>\n<h4>Quan?<\/h4>\n<p>Durant el mes de febrer (dates variables).<\/p>\n<h4>On?<\/h4>\n<p>A tota Catalunya.<\/p>\n<p><a href=\"https:\/\/ca.wikipedia.org\/wiki\/Carnaval\">El Carnaval<\/a> \u00e9s una festivitat que se celebra en funci\u00f3 del calendari lunar i, per tant, varien les dates cada any. Normalment, se celebra durant el mes de febrer i es tracta d&#8217;<strong>una festa molt transgressora i divertida<\/strong>! Veur\u00e0s com l<strong>a gent es disfressa, balla, canta, etc<\/strong>, per\u00f2 a cada municipi es pot viure de diferents maneres. El que s\u00ed que t\u00e9 en com\u00fa a tota Catalunya \u00e9s que hi ha dos protagonistes indiscutibles: el <a href=\"https:\/\/ca.wikipedia.org\/wiki\/Rei_Carnestoltes\">rei Carnestoltes<\/a>, que <strong>\u00e9s qui inaugura les festes amb disfresses i molta diversi\u00f3<\/strong>; tamb\u00e9 est\u00e0 la <a href=\"https:\/\/ca.wikipedia.org\/wiki\/Vella_Quaresma\">vella Quaresma<\/a>, una dona gran <strong>amb 7 cames, que les va perdent d&#8217;una en una a mesura que van passant les setmanes fins a arribar a la Setmana Santa<\/strong>. Aprofita i celebra aquesta festivitat a <strong>Sitges, Vilanova i la Geltr\u00fa o Solsona<\/strong>, llocs emblem\u00e0tics on el Carnaval \u00e9s molt i molt important!<\/p>\n<p>[\/et_pb_text][et_pb_gallery gallery_ids=&#8221;13994,13999,14004,14009&#8243; show_title_and_caption=&#8221;off&#8221; show_pagination=&#8221;off&#8221; _builder_version=&#8221;4.10.8&#8243; _module_preset=&#8221;default&#8221; custom_margin=&#8221;20px||40px||false|false&#8221; global_colors_info=&#8221;{}&#8221;][\/et_pb_gallery][et_pb_text admin_label=&#8221;2. Diada de Sant Jordi&#8221; _builder_version=&#8221;4.10.8&#8243; _module_preset=&#8221;default&#8221; global_colors_info=&#8221;{}&#8221;]<\/p>\n<h3>2. Diada de Sant Jordi<\/h3>\n<h4>Quan?<\/h4>\n<p>El dia 23 d&#8217;abril.<\/p>\n<h4>On?<\/h4>\n<p>A tota Catalunya.<\/p>\n<p><strong>La diada de <a href=\"https:\/\/ca.wikipedia.org\/wiki\/Sant_Jordi\">Sant Jordi<\/a> \u00e9s una de les festivitats m\u00e9s boniques que hi ha a Catalunya<\/strong>! Amb els anys, aquesta festivitat ha anat adquirint un to cada cop m\u00e9s reivindicatiu de la cultura catalana i, per tant, <strong>\u00e9s el dia perfecte per veure tots els aspectes i valors d&#8217;aquest territori<\/strong>. Se celebra el 23 de juny perqu\u00e8 representa el dia en qu\u00e8 va morir el cavaller Jordi a l&#8217;edat mitjana. Un cavaller amb <a href=\"https:\/\/genius.diba.cat\/es\/santjordi\/llegenda\">una llegenda molt i molt famosa<\/a>! Si vols gaudir d&#8217;aquesta festa al m\u00e0xim, <strong>ves a les places i rambles dels municipis de tot Catalunya, on trobar\u00e0s molt\u00edssimes paradetes amb els elements principals d&#8217;aquesta llegenda: roses i llibres<\/strong>.<\/p>\n<p>[\/et_pb_text][et_pb_gallery gallery_ids=&#8221;13823,13828,13833,13838&#8243; show_title_and_caption=&#8221;off&#8221; show_pagination=&#8221;off&#8221; _builder_version=&#8221;4.10.8&#8243; _module_preset=&#8221;default&#8221; custom_margin=&#8221;20px||40px||false|false&#8221; global_colors_info=&#8221;{}&#8221;][\/et_pb_gallery][et_pb_text admin_label=&#8221;3. La Patum de Berga&#8221; _builder_version=&#8221;4.10.8&#8243; _module_preset=&#8221;default&#8221; global_colors_info=&#8221;{}&#8221;]<\/p>\n<h3>3. La Patum de Berga<\/h3>\n<h4>Quan?<\/h4>\n<p>Des del dimecres 15 de juny fins el diumenge 19 de juny.<\/p>\n<h4>On?<\/h4>\n<p>Al municipi de Berga, que \u00e9s la capital del Bergued\u00e0.<\/p>\n<p><strong><a href=\"https:\/\/ca.wikipedia.org\/wiki\/Patum_de_Berga\">La Patum de Berga<\/a> \u00e9s una gran festa de balls populars, foc i pirot\u00e8cnia que neix amb les festivitats que acompanyaven les processions del <a href=\"https:\/\/ca.wikipedia.org\/wiki\/Corpus_Christi\">Corpus<\/a> durant l&#8217;edat mitjana a Catalunya<\/strong>. \u00c9s una de les festes m\u00e9s grans de Catalunya &#8211; i patrimoni de la humanitat &#8211; i se celebra a <a href=\"https:\/\/ca.wikipedia.org\/wiki\/Berga\">Berga<\/a>. Aquesta festivitat es caracteritza per fer <strong>representacions teatrals i desfilades de personatges diversos pels carrers!<\/strong>\u00a0A m\u00e9s a m\u00e9s t\u00e9 elements caracter\u00edstics superxulos: el Tabal, un <strong>gran tambor emblem\u00e0tic que va acompanyat dels Quatre Fuets i que anuncien l&#8217;inici de les festivitats de la Patum<\/strong>. Hi ha colles de diables que fan <strong>shows impressionants amb foc i espectacles pirot\u00e8cnics<\/strong> que et deixaran bocabadat\/da. Hi ha molts altres pobles i ciutats de Catalunya que fan festes amb la pirot\u00e8cnia com a protagonista, com \u00e9s el cas de l&#8217;<a href=\"https:\/\/www.aquelarre.cat\/\">Aquelarre de Cervera<\/a>.<\/p>\n<p>[\/et_pb_text][et_pb_gallery gallery_ids=&#8221;13864,13869,13874,13879&#8243; show_title_and_caption=&#8221;off&#8221; show_pagination=&#8221;off&#8221; _builder_version=&#8221;4.10.8&#8243; _module_preset=&#8221;default&#8221; custom_margin=&#8221;20px||40px||false|false&#8221; global_colors_info=&#8221;{}&#8221;][\/et_pb_gallery][et_pb_text admin_label=&#8221;4. La nit de Sant Joan&#8221; _builder_version=&#8221;4.10.8&#8243; _module_preset=&#8221;default&#8221; global_colors_info=&#8221;{}&#8221;]<\/p>\n<h3>4. La revetlla de Sant Joan<\/h3>\n<h4>Quan?<\/h4>\n<p>Durant la nit entre el 23 i el 24 de juny.<\/p>\n<h4>On?<\/h4>\n<p>A tota Catalunya.<\/p>\n<p><strong>La <a href=\"https:\/\/ca.wikipedia.org\/wiki\/Nit_de_Sant_Joan\">revetlla de Sant Joan<\/a> \u00e9s una de les festes m\u00e9s importants i m\u00e9s massives de tota Catalunya<\/strong>. Segur que t&#8217;encanta! Es tracta d&#8217;una festivitat que es fa en totes les ciutats del territori i que marca el solstici d&#8217;estiu. Normalment, cada ciutat <strong>porta a la seva pla\u00e7a principal la <a href=\"https:\/\/ca.wikipedia.org\/wiki\/Flama_del_Canig%C3%B3\">Flama del Canig\u00f3<\/a><\/strong>, i els representants de cada barri de la ciutat agafen el foc i encenen fogueres a les localitzacions claus de cada barri! Amb aquesta encesa de fogueres <strong>comencen les revetlles a les places i carrers de les ciutats de Catalunya i les fam\u00edlies, el ve\u00efnat i els amics s&#8217;ajunten per sopar i fer m\u00fasica<\/strong>!<\/p>\n<p>[\/et_pb_text][et_pb_gallery gallery_ids=&#8221;13844,13849,13854,13859&#8243; show_title_and_caption=&#8221;off&#8221; show_pagination=&#8221;off&#8221; _builder_version=&#8221;4.10.8&#8243; _module_preset=&#8221;default&#8221; custom_margin=&#8221;20px||40px||false|false&#8221; global_colors_info=&#8221;{}&#8221;][\/et_pb_gallery][et_pb_text admin_label=&#8221;5. Festes Majors&#8221; _builder_version=&#8221;4.10.8&#8243; _module_preset=&#8221;default&#8221; global_colors_info=&#8221;{}&#8221;]<\/p>\n<h3>5. Festes Majors<\/h3>\n<h4>Quan?<\/h4>\n<p>Entre els mesos de juny i setembre.<\/p>\n<h4>On?<\/h4>\n<p>A la majoria de pobles, barris i ciutats de Catalunya.<\/p>\n<p><b><a href=\"https:\/\/ca.wikipedia.org\/wiki\/Festa_major\">La Festa Major<\/a>\u00a0<\/b>\u00e9s una gran celebraci\u00f3 que prepara cada poble i ciutat catalana! Es tracta d&#8217;uns quants dies de <strong>m\u00fasica, activitats, concerts, cultura popular, foc, pirot\u00e8cnia, castells, correfocs, concursos, sopars populars<\/strong>, etc. S\u00f3n les festes que esperen durant tot l&#8217;any els ciutadans de cada municipi d&#8217;aquest territori! De totes les Festes Majors, volem destacar-ne algunes que s\u00f3n espectaculars: <strong>la <a href=\"https:\/\/ca.wikipedia.org\/wiki\/Festa_Major_de_Gr%C3%A0cia\">Festa Major de Gr\u00e0cia<\/a><\/strong>, on es disfressen tots els carrers del barri;\u00a0 <strong>la<a href=\"https:\/\/ca.wikipedia.org\/wiki\/Festa_Major_de_Gr%C3%A0cia\"> Festa Major de Sants<\/a><\/strong> on venen artistes molt reconeguts a fer concerts; <strong>la <a href=\"https:\/\/albergueesplaibarcelona.com\/ca\/blog-ca\/que_fer\/festa-major-prat-llobregat-2021\/\">Festa Major del Prat<\/a><\/strong>, on es celebren concerts, concursos i trofeus esportius; i <strong>la <a href=\"https:\/\/surtdecasa.cat\/ponent\/agenda\/2022\/festa-major-de-tarrega\/189204\">Festa Major de T\u00e0rrega<\/a><\/strong>, plena de cultura popular, gastronomia i activitats infantils.<\/p>\n<p>[\/et_pb_text][et_pb_gallery gallery_ids=&#8221;13889,13894,14098,14103&#8243; show_title_and_caption=&#8221;off&#8221; show_pagination=&#8221;off&#8221; _builder_version=&#8221;4.10.8&#8243; _module_preset=&#8221;default&#8221; custom_margin=&#8221;20px||40px||false|false&#8221; global_colors_info=&#8221;{}&#8221;][\/et_pb_gallery][et_pb_text admin_label=&#8221;6. La Diada de Catalunya&#8221; _builder_version=&#8221;4.10.8&#8243; _module_preset=&#8221;default&#8221; global_colors_info=&#8221;{}&#8221;]<\/p>\n<h3>6. La Diada de Catalunya<\/h3>\n<h4>Quan?<\/h4>\n<p>El dia 11 de setembre.<\/p>\n<h4>On?<\/h4>\n<p>A tota Catalunya.<\/p>\n<p><b>La <a href=\"https:\/\/ca.wikipedia.org\/wiki\/Diada_Nacional_de_Catalunya\">festa nacional de Catalunya<\/a> s&#8217;anomena &#8220;Diada&#8221;<\/b>, i \u00e9s un dels dies de l&#8217;any m\u00e9s importants pel poble catal\u00e0! Realment el dia 11 de setembre <strong>se celebra una derrota<\/strong> &#8211; que va ser la capitulaci\u00f3 de Barcelona davant de les tropes <a href=\"https:\/\/ca.wikipedia.org\/wiki\/Dinastia_borb%C3%B2nica\">borb\u00f2niques<\/a> l&#8217;any <a href=\"https:\/\/ca.wikipedia.org\/wiki\/11_de_setembre\">1714<\/a> &#8211; <strong>que s&#8217;ha convertit en una jornada de defensa dels drets i les llibertats del territori catal\u00e0<\/strong>. \u00c9s una <strong>reafirmaci\u00f3 del car\u00e0cter i la identitat de Catalunya, de la seva cultura i la seva llengua<\/strong>! \u00c9s un dia on podr\u00e0s trobar molt\u00edssima gent arreu de Catalunya i <strong>especialment a Barcelona, on hi ha la m\u00e0xima concentraci\u00f3 de persones reivindicant aquesta festivitat<\/strong>.<\/p>\n<p>[\/et_pb_text][et_pb_gallery gallery_ids=&#8221;14039,14044,14049,14054&#8243; show_title_and_caption=&#8221;off&#8221; show_pagination=&#8221;off&#8221; _builder_version=&#8221;4.10.8&#8243; _module_preset=&#8221;default&#8221; custom_margin=&#8221;20px||40px||false|false&#8221; global_colors_info=&#8221;{}&#8221;][\/et_pb_gallery][et_pb_text admin_label=&#8221;7. La Castanyada&#8221; _builder_version=&#8221;4.10.8&#8243; _module_preset=&#8221;default&#8221; global_colors_info=&#8221;{}&#8221;]<\/p>\n<h3>7. La Castanyada<\/h3>\n<h4>Quan?<\/h4>\n<p>El dia 1 de novembre.<\/p>\n<h4>On?<\/h4>\n<p>A tota Catalunya.<\/p>\n<p><strong><a href=\"https:\/\/ca.wikipedia.org\/wiki\/Castanyada\">La Castanyada<\/a> \u00e9s una festa popular amb m\u00e9s de tres segles d&#8217;hist\u00f2ria i marca el solstici d&#8217;hivern<\/strong>! Incre\u00efble, oi? Aquesta festivitat se celebra el dia de<a href=\"https:\/\/ca.wikipedia.org\/wiki\/Tots_Sants\"> Tots Sants<\/a>, l&#8217;1 d&#8217;octubre, i t\u00e9 tres elements principals: les castanyes, els <a href=\"https:\/\/ca.wikipedia.org\/wiki\/Panellet\">panellets<\/a> i els moniatos. Antigament, <strong>els catalans acostumaven a fer una festa funer\u00e0ria vinculada a cultes pagans i feien un menjar t\u00edpic de la tardor per estar en comuni\u00f3 amb els difunts<\/strong>. Aquest menjar inclou <strong>les castanyes, els panellets i els moniatos<\/strong>. Amb els anys, aquesta tradici\u00f3 ha anat evolucionant i hi ha hagut un personatge principal que ara \u00e9s el s\u00edmbol d&#8217;aquest dia: <strong>la Castanyera<\/strong>! La Castanyera \u00e9s una dona vella que es dedica a cuinar tots aquests menjars t\u00edpics de tardor al forn i repartir-los entre el ve\u00efnat!<\/p>\n<p>[\/et_pb_text][et_pb_gallery gallery_ids=&#8221;13904,13909,13914,13919&#8243; show_title_and_caption=&#8221;off&#8221; show_pagination=&#8221;off&#8221; _builder_version=&#8221;4.10.8&#8243; _module_preset=&#8221;default&#8221; custom_margin=&#8221;20px||40px||false|false&#8221; global_colors_info=&#8221;{}&#8221;][\/et_pb_gallery][et_pb_text admin_label=&#8221;8. Nadal&#8221; _builder_version=&#8221;4.10.8&#8243; _module_preset=&#8221;default&#8221; global_colors_info=&#8221;{}&#8221;]<\/p>\n<h3>8. Nadal<\/h3>\n<h4>Quan?<\/h4>\n<p>Entre desembre i gener.<\/p>\n<h4>On?<\/h4>\n<p>A tota Catalunya.<\/p>\n<p><strong><a href=\"https:\/\/ca.wikipedia.org\/wiki\/Nadal\">El Nadal<\/a> \u00e9s un conjunt de festivitats que trobem a Catalunya i molts altres pa\u00efsos entre els mesos de desembre i gener<\/strong>. Les festes que celebrem al desembre acostumen a ser molt familiars, ja que es tracta de fer sopars, dinars i intercanvi de regals. No obstant aix\u00f2, hi ha una tradici\u00f3 que nom\u00e9s existeix aqu\u00ed i que \u00e9s molt interessant: el <a href=\"https:\/\/ca.wikipedia.org\/wiki\/Ti%C3%B3_de_Nadal\">Ti\u00f3 de Nadal<\/a>! El Ti\u00f3 de Nadal \u00e9s <strong>un tronc de fusta al que li hem de donar pals fins que tingui regals sota seu<\/strong>. Els infants s&#8217;ho passen &#8220;pipa&#8221;! I al gener tamb\u00e9 hi ha una tradici\u00f3 molt caracter\u00edstica: <a href=\"https:\/\/ca.wikipedia.org\/wiki\/Cavalcada_de_Reis\">la cavalcada<\/a>, que \u00e9s <strong>un desfilament fet amb carrosses dels reis d&#8217;orient agafant totes les cartes de regals que han preparat els infants a casa<\/strong>!<\/p>\n<p>[\/et_pb_text][et_pb_gallery gallery_ids=&#8221;14075,14080,14085,14090&#8243; show_title_and_caption=&#8221;off&#8221; show_pagination=&#8221;off&#8221; _builder_version=&#8221;4.10.8&#8243; _module_preset=&#8221;default&#8221; custom_margin=&#8221;20px||||false|false&#8221; global_colors_info=&#8221;{}&#8221;][\/et_pb_gallery][\/et_pb_column][\/et_pb_row][et_pb_row _builder_version=&#8221;4.10.8&#8243; _module_preset=&#8221;default&#8221; global_colors_info=&#8221;{}&#8221;][et_pb_column type=&#8221;4_4&#8243; _builder_version=&#8221;4.10.8&#8243; _module_preset=&#8221;default&#8221; global_colors_info=&#8221;{}&#8221;][et_pb_divider _builder_version=&#8221;4.10.8&#8243; _module_preset=&#8221;default&#8221; custom_margin=&#8221;30px||40px||false|false&#8221; global_colors_info=&#8221;{}&#8221;][\/et_pb_divider][et_pb_text _builder_version=&#8221;4.10.8&#8243; _module_preset=&#8221;default&#8221; global_colors_info=&#8221;{}&#8221;]Qu\u00e8 t&#8217;ha semblat? <strong>Has estat mai en alguna d&#8217;aquestes festes quan voltes per Catalunya?<\/strong> Ara ja saps les dates i en qu\u00e8 consisteix cada una d&#8217;aquestes festes. Tot i aix\u00f2, tingues en compte que hi ha molt\u00edssimes altres festes que <strong>no hem tractat en aquesta entrada i que s\u00f3n igual d&#8217;interessants<\/strong>, com el <a href=\"https:\/\/ca.wikipedia.org\/wiki\/Temps_de_Flors\">Temps de Flors de Girona<\/a>, la <a href=\"https:\/\/ca.wikipedia.org\/wiki\/T%C3%A0rraco_Viva\">T\u00e0rraco Viva de Tarragona<\/a>, l&#8217;<a href=\"https:\/\/ca.wikipedia.org\/wiki\/Aplec_del_Caragol_de_Lleida\">aplec del caragol de Lleida<\/a> o la <a href=\"https:\/\/albergueesplaibarcelona.com\/ca\/blog-ca\/que_fer\/carxofa-del-prat\/\">Fira de la Carxofa del Prat<\/a>.<\/p>\n<p>&nbsp;<\/p>\n<h3>I si et falten activitats en el teu <em>planning<\/em> de viatge:<\/h3>\n<ul>\n<li><a href=\"https:\/\/albergueesplaibarcelona.com\/ca\/blog-ca\/barcelona-en-familia-ca\/16-museus-nens-nenes-barcelona-voltants\/\">16 Museus ideals per a nens i nenes a Barcelona i voltants<\/a><\/li>\n<li><a href=\"https:\/\/albergueesplaibarcelona.com\/ca\/blog-ca\/actualitat-a-lalberg\/secrets-alimentacio-sostenible-saludable\/\">Vine a descobrir els secrets de l&#8217;alimentaci\u00f3 sostenible i saludable<\/a><\/li>\n<li><a href=\"https:\/\/albergueesplaibarcelona.com\/ca\/blog-ca\/barcelona-en-familia-ca\/15-activitats-nens-nenes-bcn\/\">15 Activitats per fer amb nens i nenes a BCN i voltants<\/a><\/li>\n<li><a href=\"https:\/\/albergueesplaibarcelona.com\/ca\/blog-ca\/transport\/ruta-pels-funiculars-i-teleferics-de-barcelona\/\">Ruta pels funiculars i telef\u00e8rics de Barcelona!<\/a><\/li>\n<li><a href=\"https:\/\/albergueesplaibarcelona.com\/ca\/blog-ca\/barcelona-en-familia-ca\/visites-guiades-cram\/\">Visites guiades al CRAM en fam\u00edlia!<\/a><\/li>\n<\/ul>\n<p>[\/et_pb_text][\/et_pb_column][\/et_pb_row][\/et_pb_section]<\/p>\n","protected":false},"excerpt":{"rendered":"<p>Et convidem a fer un viatge per Catalunya a trav\u00e9s de les festes populars. Origen, curiositats, &#8230; no t&#8217;ho perdis!<\/p>\n","protected":false},"author":6,"featured_media":13946,"comment_status":"closed","ping_status":"closed","sticky":false,"template":"","format":"standard","meta":{"_et_pb_use_builder":"on","_et_pb_old_content":"","_et_gb_content_width":"","footnotes":""},"categories":[34,33],"tags":[],"class_list":["post-13804","post","type-post","status-publish","format-standard","has-post-thumbnail","hentry","category-barcelona-en-familia-ca","category-que_fer"],"yoast_head":"<!-- This site is optimized with the Yoast SEO plugin v27.5 - https:\/\/yoast.com\/product\/yoast-seo-wordpress\/ -->\n<title>8 Festes populars de Catalunya impressionants! - Alberg Centre Esplai<\/title>\n<meta name=\"description\" content=\"Et convidem a fer un viatge per Catalunya a trav\u00e9s de les festes populars. Origen, curiositats, ... no t&#039;ho perdis!\" \/>\n<meta name=\"robots\" content=\"index, follow, max-snippet:-1, max-image-preview:large, max-video-preview:-1\" \/>\n<link rel=\"canonical\" href=\"https:\/\/albergueesplaibarcelona.com\/ca\/blog-ca\/barcelona-en-familia-ca\/8-festes-populars-de-catalunya-impressionants\/\" \/>\n<meta property=\"og:locale\" content=\"ca_ES\" \/>\n<meta property=\"og:type\" content=\"article\" \/>\n<meta property=\"og:title\" content=\"8 Festes populars de Catalunya impressionants! - Alberg Centre Esplai\" \/>\n<meta property=\"og:description\" content=\"Et convidem a fer un viatge per Catalunya a trav\u00e9s de les festes populars. Origen, curiositats, ... no t&#039;ho perdis!\" \/>\n<meta property=\"og:url\" content=\"https:\/\/albergueesplaibarcelona.com\/ca\/blog-ca\/barcelona-en-familia-ca\/8-festes-populars-de-catalunya-impressionants\/\" \/>\n<meta property=\"og:site_name\" content=\"Alberg Centre Esplai\" \/>\n<meta property=\"article:published_time\" content=\"2022-04-29T10:02:48+00:00\" \/>\n<meta property=\"article:modified_time\" content=\"2023-11-20T17:14:50+00:00\" \/>\n<meta property=\"og:image\" content=\"https:\/\/albergueesplaibarcelona.com\/wp-content\/uploads\/2022\/04\/revetlla-de-Sant-Joan-portada-Fundesplai.jpg\" \/>\n\t<meta property=\"og:image:width\" content=\"1888\" \/>\n\t<meta property=\"og:image:height\" content=\"900\" \/>\n\t<meta property=\"og:image:type\" content=\"image\/jpeg\" \/>\n<meta name=\"author\" content=\"Cristina Espinosa Colom\u00e9\" \/>\n<meta name=\"twitter:card\" content=\"summary_large_image\" \/>\n<meta name=\"twitter:label1\" content=\"Escrit per\" \/>\n\t<meta name=\"twitter:data1\" content=\"Cristina Espinosa Colom\u00e9\" \/>\n\t<meta name=\"twitter:label2\" content=\"Temps estimat de lectura\" \/>\n\t<meta name=\"twitter:data2\" content=\"8 minuts\" \/>\n<script type=\"application\/ld+json\" class=\"yoast-schema-graph\">{\"@context\":\"https:\\\/\\\/schema.org\",\"@graph\":[{\"@type\":\"Article\",\"@id\":\"https:\\\/\\\/albergueesplaibarcelona.com\\\/ca\\\/blog-ca\\\/barcelona-en-familia-ca\\\/8-festes-populars-de-catalunya-impressionants\\\/#article\",\"isPartOf\":{\"@id\":\"https:\\\/\\\/albergueesplaibarcelona.com\\\/ca\\\/blog-ca\\\/barcelona-en-familia-ca\\\/8-festes-populars-de-catalunya-impressionants\\\/\"},\"author\":{\"name\":\"Cristina Espinosa Colom\u00e9\",\"@id\":\"https:\\\/\\\/albergueesplaibarcelona.com\\\/ca\\\/#\\\/schema\\\/person\\\/207b9e504146116f51fecbd705c33396\"},\"headline\":\"8 Festes populars de Catalunya impressionants!\",\"datePublished\":\"2022-04-29T10:02:48+00:00\",\"dateModified\":\"2023-11-20T17:14:50+00:00\",\"mainEntityOfPage\":{\"@id\":\"https:\\\/\\\/albergueesplaibarcelona.com\\\/ca\\\/blog-ca\\\/barcelona-en-familia-ca\\\/8-festes-populars-de-catalunya-impressionants\\\/\"},\"wordCount\":2047,\"publisher\":{\"@id\":\"https:\\\/\\\/albergueesplaibarcelona.com\\\/ca\\\/#organization\"},\"image\":{\"@id\":\"https:\\\/\\\/albergueesplaibarcelona.com\\\/ca\\\/blog-ca\\\/barcelona-en-familia-ca\\\/8-festes-populars-de-catalunya-impressionants\\\/#primaryimage\"},\"thumbnailUrl\":\"https:\\\/\\\/albergueesplaibarcelona.com\\\/wp-content\\\/uploads\\\/2022\\\/04\\\/revetlla-de-Sant-Joan-portada-Fundesplai.jpg\",\"articleSection\":[\"Barcelona en fam\u00edlia\",\"Qu\u00e8 fer?\"],\"inLanguage\":\"ca\"},{\"@type\":\"WebPage\",\"@id\":\"https:\\\/\\\/albergueesplaibarcelona.com\\\/ca\\\/blog-ca\\\/barcelona-en-familia-ca\\\/8-festes-populars-de-catalunya-impressionants\\\/\",\"url\":\"https:\\\/\\\/albergueesplaibarcelona.com\\\/ca\\\/blog-ca\\\/barcelona-en-familia-ca\\\/8-festes-populars-de-catalunya-impressionants\\\/\",\"name\":\"8 Festes populars de Catalunya impressionants! - Alberg Centre Esplai\",\"isPartOf\":{\"@id\":\"https:\\\/\\\/albergueesplaibarcelona.com\\\/ca\\\/#website\"},\"primaryImageOfPage\":{\"@id\":\"https:\\\/\\\/albergueesplaibarcelona.com\\\/ca\\\/blog-ca\\\/barcelona-en-familia-ca\\\/8-festes-populars-de-catalunya-impressionants\\\/#primaryimage\"},\"image\":{\"@id\":\"https:\\\/\\\/albergueesplaibarcelona.com\\\/ca\\\/blog-ca\\\/barcelona-en-familia-ca\\\/8-festes-populars-de-catalunya-impressionants\\\/#primaryimage\"},\"thumbnailUrl\":\"https:\\\/\\\/albergueesplaibarcelona.com\\\/wp-content\\\/uploads\\\/2022\\\/04\\\/revetlla-de-Sant-Joan-portada-Fundesplai.jpg\",\"datePublished\":\"2022-04-29T10:02:48+00:00\",\"dateModified\":\"2023-11-20T17:14:50+00:00\",\"description\":\"Et convidem a fer un viatge per Catalunya a trav\u00e9s de les festes populars. Origen, curiositats, ... no t'ho perdis!\",\"breadcrumb\":{\"@id\":\"https:\\\/\\\/albergueesplaibarcelona.com\\\/ca\\\/blog-ca\\\/barcelona-en-familia-ca\\\/8-festes-populars-de-catalunya-impressionants\\\/#breadcrumb\"},\"inLanguage\":\"ca\",\"potentialAction\":[{\"@type\":\"ReadAction\",\"target\":[\"https:\\\/\\\/albergueesplaibarcelona.com\\\/ca\\\/blog-ca\\\/barcelona-en-familia-ca\\\/8-festes-populars-de-catalunya-impressionants\\\/\"]}]},{\"@type\":\"ImageObject\",\"inLanguage\":\"ca\",\"@id\":\"https:\\\/\\\/albergueesplaibarcelona.com\\\/ca\\\/blog-ca\\\/barcelona-en-familia-ca\\\/8-festes-populars-de-catalunya-impressionants\\\/#primaryimage\",\"url\":\"https:\\\/\\\/albergueesplaibarcelona.com\\\/wp-content\\\/uploads\\\/2022\\\/04\\\/revetlla-de-Sant-Joan-portada-Fundesplai.jpg\",\"contentUrl\":\"https:\\\/\\\/albergueesplaibarcelona.com\\\/wp-content\\\/uploads\\\/2022\\\/04\\\/revetlla-de-Sant-Joan-portada-Fundesplai.jpg\",\"width\":1888,\"height\":900,\"caption\":\"revetlla de Sant Joan portada Fundesplai\"},{\"@type\":\"BreadcrumbList\",\"@id\":\"https:\\\/\\\/albergueesplaibarcelona.com\\\/ca\\\/blog-ca\\\/barcelona-en-familia-ca\\\/8-festes-populars-de-catalunya-impressionants\\\/#breadcrumb\",\"itemListElement\":[{\"@type\":\"ListItem\",\"position\":1,\"name\":\"Inici\",\"item\":\"https:\\\/\\\/albergueesplaibarcelona.com\\\/ca\\\/el-albergue\\\/\"},{\"@type\":\"ListItem\",\"position\":2,\"name\":\"Blog\",\"item\":\"https:\\\/\\\/albergueesplaibarcelona.com\\\/ca\\\/blog-ca\\\/\"},{\"@type\":\"ListItem\",\"position\":3,\"name\":\"Barcelona en fam\u00edlia\",\"item\":\"https:\\\/\\\/albergueesplaibarcelona.com\\\/ca\\\/blog-ca\\\/barcelona-en-familia-ca\\\/\"},{\"@type\":\"ListItem\",\"position\":4,\"name\":\"8 Festes populars de Catalunya impressionants!\"}]},{\"@type\":\"WebSite\",\"@id\":\"https:\\\/\\\/albergueesplaibarcelona.com\\\/ca\\\/#website\",\"url\":\"https:\\\/\\\/albergueesplaibarcelona.com\\\/ca\\\/\",\"name\":\"Alberg Centre Esplai\",\"description\":\"Alberg\",\"publisher\":{\"@id\":\"https:\\\/\\\/albergueesplaibarcelona.com\\\/ca\\\/#organization\"},\"potentialAction\":[{\"@type\":\"SearchAction\",\"target\":{\"@type\":\"EntryPoint\",\"urlTemplate\":\"https:\\\/\\\/albergueesplaibarcelona.com\\\/ca\\\/?s={search_term_string}\"},\"query-input\":{\"@type\":\"PropertyValueSpecification\",\"valueRequired\":true,\"valueName\":\"search_term_string\"}}],\"inLanguage\":\"ca\"},{\"@type\":\"Organization\",\"@id\":\"https:\\\/\\\/albergueesplaibarcelona.com\\\/ca\\\/#organization\",\"name\":\"Albergue Centre Esplai\",\"url\":\"https:\\\/\\\/albergueesplaibarcelona.com\\\/ca\\\/\",\"logo\":{\"@type\":\"ImageObject\",\"inLanguage\":\"ca\",\"@id\":\"https:\\\/\\\/albergueesplaibarcelona.com\\\/ca\\\/#\\\/schema\\\/logo\\\/image\\\/\",\"url\":\"https:\\\/\\\/albergueesplaibarcelona.com\\\/wp-content\\\/uploads\\\/2020\\\/12\\\/logo_alberg_centre_esplai-e1608117409320.png\",\"contentUrl\":\"https:\\\/\\\/albergueesplaibarcelona.com\\\/wp-content\\\/uploads\\\/2020\\\/12\\\/logo_alberg_centre_esplai-e1608117409320.png\",\"width\":500,\"height\":241,\"caption\":\"Albergue Centre Esplai\"},\"image\":{\"@id\":\"https:\\\/\\\/albergueesplaibarcelona.com\\\/ca\\\/#\\\/schema\\\/logo\\\/image\\\/\"}},{\"@type\":\"Person\",\"@id\":\"https:\\\/\\\/albergueesplaibarcelona.com\\\/ca\\\/#\\\/schema\\\/person\\\/207b9e504146116f51fecbd705c33396\",\"name\":\"Cristina Espinosa Colom\u00e9\",\"image\":{\"@type\":\"ImageObject\",\"inLanguage\":\"ca\",\"@id\":\"https:\\\/\\\/secure.gravatar.com\\\/avatar\\\/5c055e483e79baf8f2898f968d705db458690241795f16b3e0ff8fd47bdac10e?s=96&d=mm&r=g\",\"url\":\"https:\\\/\\\/secure.gravatar.com\\\/avatar\\\/5c055e483e79baf8f2898f968d705db458690241795f16b3e0ff8fd47bdac10e?s=96&d=mm&r=g\",\"contentUrl\":\"https:\\\/\\\/secure.gravatar.com\\\/avatar\\\/5c055e483e79baf8f2898f968d705db458690241795f16b3e0ff8fd47bdac10e?s=96&d=mm&r=g\",\"caption\":\"Cristina Espinosa Colom\u00e9\"},\"url\":\"https:\\\/\\\/albergueesplaibarcelona.com\\\/ca\\\/author\\\/cespinosa\\\/\"}]}<\/script>\n<!-- \/ Yoast SEO plugin. -->","yoast_head_json":{"title":"8 Festes populars de Catalunya impressionants! - Alberg Centre Esplai","description":"Et convidem a fer un viatge per Catalunya a trav\u00e9s de les festes populars. Origen, curiositats, ... no t'ho perdis!","robots":{"index":"index","follow":"follow","max-snippet":"max-snippet:-1","max-image-preview":"max-image-preview:large","max-video-preview":"max-video-preview:-1"},"canonical":"https:\/\/albergueesplaibarcelona.com\/ca\/blog-ca\/barcelona-en-familia-ca\/8-festes-populars-de-catalunya-impressionants\/","og_locale":"ca_ES","og_type":"article","og_title":"8 Festes populars de Catalunya impressionants! - Alberg Centre Esplai","og_description":"Et convidem a fer un viatge per Catalunya a trav\u00e9s de les festes populars. Origen, curiositats, ... no t'ho perdis!","og_url":"https:\/\/albergueesplaibarcelona.com\/ca\/blog-ca\/barcelona-en-familia-ca\/8-festes-populars-de-catalunya-impressionants\/","og_site_name":"Alberg Centre Esplai","article_published_time":"2022-04-29T10:02:48+00:00","article_modified_time":"2023-11-20T17:14:50+00:00","og_image":[{"width":1888,"height":900,"url":"https:\/\/albergueesplaibarcelona.com\/wp-content\/uploads\/2022\/04\/revetlla-de-Sant-Joan-portada-Fundesplai.jpg","type":"image\/jpeg"}],"author":"Cristina Espinosa Colom\u00e9","twitter_card":"summary_large_image","twitter_misc":{"Escrit per":"Cristina Espinosa Colom\u00e9","Temps estimat de lectura":"8 minuts"},"schema":{"@context":"https:\/\/schema.org","@graph":[{"@type":"Article","@id":"https:\/\/albergueesplaibarcelona.com\/ca\/blog-ca\/barcelona-en-familia-ca\/8-festes-populars-de-catalunya-impressionants\/#article","isPartOf":{"@id":"https:\/\/albergueesplaibarcelona.com\/ca\/blog-ca\/barcelona-en-familia-ca\/8-festes-populars-de-catalunya-impressionants\/"},"author":{"name":"Cristina Espinosa Colom\u00e9","@id":"https:\/\/albergueesplaibarcelona.com\/ca\/#\/schema\/person\/207b9e504146116f51fecbd705c33396"},"headline":"8 Festes populars de Catalunya impressionants!","datePublished":"2022-04-29T10:02:48+00:00","dateModified":"2023-11-20T17:14:50+00:00","mainEntityOfPage":{"@id":"https:\/\/albergueesplaibarcelona.com\/ca\/blog-ca\/barcelona-en-familia-ca\/8-festes-populars-de-catalunya-impressionants\/"},"wordCount":2047,"publisher":{"@id":"https:\/\/albergueesplaibarcelona.com\/ca\/#organization"},"image":{"@id":"https:\/\/albergueesplaibarcelona.com\/ca\/blog-ca\/barcelona-en-familia-ca\/8-festes-populars-de-catalunya-impressionants\/#primaryimage"},"thumbnailUrl":"https:\/\/albergueesplaibarcelona.com\/wp-content\/uploads\/2022\/04\/revetlla-de-Sant-Joan-portada-Fundesplai.jpg","articleSection":["Barcelona en fam\u00edlia","Qu\u00e8 fer?"],"inLanguage":"ca"},{"@type":"WebPage","@id":"https:\/\/albergueesplaibarcelona.com\/ca\/blog-ca\/barcelona-en-familia-ca\/8-festes-populars-de-catalunya-impressionants\/","url":"https:\/\/albergueesplaibarcelona.com\/ca\/blog-ca\/barcelona-en-familia-ca\/8-festes-populars-de-catalunya-impressionants\/","name":"8 Festes populars de Catalunya impressionants! - Alberg Centre Esplai","isPartOf":{"@id":"https:\/\/albergueesplaibarcelona.com\/ca\/#website"},"primaryImageOfPage":{"@id":"https:\/\/albergueesplaibarcelona.com\/ca\/blog-ca\/barcelona-en-familia-ca\/8-festes-populars-de-catalunya-impressionants\/#primaryimage"},"image":{"@id":"https:\/\/albergueesplaibarcelona.com\/ca\/blog-ca\/barcelona-en-familia-ca\/8-festes-populars-de-catalunya-impressionants\/#primaryimage"},"thumbnailUrl":"https:\/\/albergueesplaibarcelona.com\/wp-content\/uploads\/2022\/04\/revetlla-de-Sant-Joan-portada-Fundesplai.jpg","datePublished":"2022-04-29T10:02:48+00:00","dateModified":"2023-11-20T17:14:50+00:00","description":"Et convidem a fer un viatge per Catalunya a trav\u00e9s de les festes populars. Origen, curiositats, ... no t'ho perdis!","breadcrumb":{"@id":"https:\/\/albergueesplaibarcelona.com\/ca\/blog-ca\/barcelona-en-familia-ca\/8-festes-populars-de-catalunya-impressionants\/#breadcrumb"},"inLanguage":"ca","potentialAction":[{"@type":"ReadAction","target":["https:\/\/albergueesplaibarcelona.com\/ca\/blog-ca\/barcelona-en-familia-ca\/8-festes-populars-de-catalunya-impressionants\/"]}]},{"@type":"ImageObject","inLanguage":"ca","@id":"https:\/\/albergueesplaibarcelona.com\/ca\/blog-ca\/barcelona-en-familia-ca\/8-festes-populars-de-catalunya-impressionants\/#primaryimage","url":"https:\/\/albergueesplaibarcelona.com\/wp-content\/uploads\/2022\/04\/revetlla-de-Sant-Joan-portada-Fundesplai.jpg","contentUrl":"https:\/\/albergueesplaibarcelona.com\/wp-content\/uploads\/2022\/04\/revetlla-de-Sant-Joan-portada-Fundesplai.jpg","width":1888,"height":900,"caption":"revetlla de Sant Joan portada Fundesplai"},{"@type":"BreadcrumbList","@id":"https:\/\/albergueesplaibarcelona.com\/ca\/blog-ca\/barcelona-en-familia-ca\/8-festes-populars-de-catalunya-impressionants\/#breadcrumb","itemListElement":[{"@type":"ListItem","position":1,"name":"Inici","item":"https:\/\/albergueesplaibarcelona.com\/ca\/el-albergue\/"},{"@type":"ListItem","position":2,"name":"Blog","item":"https:\/\/albergueesplaibarcelona.com\/ca\/blog-ca\/"},{"@type":"ListItem","position":3,"name":"Barcelona en fam\u00edlia","item":"https:\/\/albergueesplaibarcelona.com\/ca\/blog-ca\/barcelona-en-familia-ca\/"},{"@type":"ListItem","position":4,"name":"8 Festes populars de Catalunya impressionants!"}]},{"@type":"WebSite","@id":"https:\/\/albergueesplaibarcelona.com\/ca\/#website","url":"https:\/\/albergueesplaibarcelona.com\/ca\/","name":"Alberg Centre Esplai","description":"Alberg","publisher":{"@id":"https:\/\/albergueesplaibarcelona.com\/ca\/#organization"},"potentialAction":[{"@type":"SearchAction","target":{"@type":"EntryPoint","urlTemplate":"https:\/\/albergueesplaibarcelona.com\/ca\/?s={search_term_string}"},"query-input":{"@type":"PropertyValueSpecification","valueRequired":true,"valueName":"search_term_string"}}],"inLanguage":"ca"},{"@type":"Organization","@id":"https:\/\/albergueesplaibarcelona.com\/ca\/#organization","name":"Albergue Centre Esplai","url":"https:\/\/albergueesplaibarcelona.com\/ca\/","logo":{"@type":"ImageObject","inLanguage":"ca","@id":"https:\/\/albergueesplaibarcelona.com\/ca\/#\/schema\/logo\/image\/","url":"https:\/\/albergueesplaibarcelona.com\/wp-content\/uploads\/2020\/12\/logo_alberg_centre_esplai-e1608117409320.png","contentUrl":"https:\/\/albergueesplaibarcelona.com\/wp-content\/uploads\/2020\/12\/logo_alberg_centre_esplai-e1608117409320.png","width":500,"height":241,"caption":"Albergue Centre Esplai"},"image":{"@id":"https:\/\/albergueesplaibarcelona.com\/ca\/#\/schema\/logo\/image\/"}},{"@type":"Person","@id":"https:\/\/albergueesplaibarcelona.com\/ca\/#\/schema\/person\/207b9e504146116f51fecbd705c33396","name":"Cristina Espinosa Colom\u00e9","image":{"@type":"ImageObject","inLanguage":"ca","@id":"https:\/\/secure.gravatar.com\/avatar\/5c055e483e79baf8f2898f968d705db458690241795f16b3e0ff8fd47bdac10e?s=96&d=mm&r=g","url":"https:\/\/secure.gravatar.com\/avatar\/5c055e483e79baf8f2898f968d705db458690241795f16b3e0ff8fd47bdac10e?s=96&d=mm&r=g","contentUrl":"https:\/\/secure.gravatar.com\/avatar\/5c055e483e79baf8f2898f968d705db458690241795f16b3e0ff8fd47bdac10e?s=96&d=mm&r=g","caption":"Cristina Espinosa Colom\u00e9"},"url":"https:\/\/albergueesplaibarcelona.com\/ca\/author\/cespinosa\/"}]}},"_links":{"self":[{"href":"https:\/\/albergueesplaibarcelona.com\/ca\/wp-json\/wp\/v2\/posts\/13804","targetHints":{"allow":["GET"]}}],"collection":[{"href":"https:\/\/albergueesplaibarcelona.com\/ca\/wp-json\/wp\/v2\/posts"}],"about":[{"href":"https:\/\/albergueesplaibarcelona.com\/ca\/wp-json\/wp\/v2\/types\/post"}],"author":[{"embeddable":true,"href":"https:\/\/albergueesplaibarcelona.com\/ca\/wp-json\/wp\/v2\/users\/6"}],"replies":[{"embeddable":true,"href":"https:\/\/albergueesplaibarcelona.com\/ca\/wp-json\/wp\/v2\/comments?post=13804"}],"version-history":[{"count":88,"href":"https:\/\/albergueesplaibarcelona.com\/ca\/wp-json\/wp\/v2\/posts\/13804\/revisions"}],"predecessor-version":[{"id":17770,"href":"https:\/\/albergueesplaibarcelona.com\/ca\/wp-json\/wp\/v2\/posts\/13804\/revisions\/17770"}],"wp:featuredmedia":[{"embeddable":true,"href":"https:\/\/albergueesplaibarcelona.com\/ca\/wp-json\/wp\/v2\/media\/13946"}],"wp:attachment":[{"href":"https:\/\/albergueesplaibarcelona.com\/ca\/wp-json\/wp\/v2\/media?parent=13804"}],"wp:term":[{"taxonomy":"category","embeddable":true,"href":"https:\/\/albergueesplaibarcelona.com\/ca\/wp-json\/wp\/v2\/categories?post=13804"},{"taxonomy":"post_tag","embeddable":true,"href":"https:\/\/albergueesplaibarcelona.com\/ca\/wp-json\/wp\/v2\/tags?post=13804"}],"curies":[{"name":"wp","href":"https:\/\/api.w.org\/{rel}","templated":true}]}}