{"id":17443,"date":"2023-10-31T15:14:52","date_gmt":"2023-10-31T14:14:52","guid":{"rendered":"https:\/\/albergueesplaibarcelona.com\/?p=17443"},"modified":"2024-09-10T11:04:46","modified_gmt":"2024-09-10T09:04:46","slug":"7-curiositats-castanyada-halloween","status":"publish","type":"post","link":"https:\/\/albergueesplaibarcelona.com\/ca\/blog-ca\/actualitat-a-lalberg\/7-curiositats-castanyada-halloween\/","title":{"rendered":"7 Curiositats sobre la Castanyada i Halloween"},"content":{"rendered":"<p>[et_pb_section fb_built=&#8221;1&#8243; _builder_version=&#8221;4.16&#8243; _module_preset=&#8221;default&#8221; global_colors_info=&#8221;{}&#8221;][et_pb_row _builder_version=&#8221;4.16&#8243; _module_preset=&#8221;default&#8221; global_colors_info=&#8221;{}&#8221;][et_pb_column type=&#8221;4_4&#8243; _builder_version=&#8221;4.16&#8243; _module_preset=&#8221;default&#8221; global_colors_info=&#8221;{}&#8221;][et_pb_text _builder_version=&#8221;4.24.2&#8243; _module_preset=&#8221;default&#8221; hover_enabled=&#8221;0&#8243; global_colors_info=&#8221;{}&#8221; sticky_enabled=&#8221;0&#8243;]<\/p>\n<p>S&#8217;apropen dues festes que ens encanten: <strong>La <a href=\"https:\/\/ca.wikipedia.org\/wiki\/Castanyada\">Castanyada<\/a> i <a href=\"https:\/\/ca.wikipedia.org\/wiki\/Halloween\">Halloween<\/a><\/strong>! Dues festivitats que cauen en el mateix dia, 31 d&#8217;octubre, per\u00f2 que tenen or\u00edgens i tradicions molt diferents!<\/p>\n<p>Per un costat, la Castanyada \u00e9s una de les festes preferides de <a href=\"https:\/\/ca.wikipedia.org\/wiki\/Catalunya\">Catalunya<\/a>. \u00c9s una <strong>celebraci\u00f3 que gira entorn de menjar castanyes, panellets i moniatos<\/strong>. I, a m\u00e9s a m\u00e9s, \u00e9s una tradici\u00f3 que<strong> es va originar per honorar els difunts<\/strong>! Ho celebren totes les fam\u00edlies, els nens i les nenes<a href=\"https:\/\/escoles.fundesplai.org\/blog\/recursos\/cancons-tardor-i-castanyada\/\"> cantant can\u00e7ons de tardor<\/a> i pels carrers pots trobar la castanyera o el castanyer repartint castanyes! Per un altre costat, Halloween \u00e9s una festivitat <strong>d&#8217;origen celta que s&#8217;ha est\u00e8s per tot el m\u00f3n<\/strong>, especialment als Estats Units, on tothom crea disfresses terror\u00edfiques, tallen carbasses i els infants van porta per porta demanant dol\u00e7os als ve\u00efns del seu barri! Tamb\u00e9 \u00e9s una festivitat molt i molt popular a M\u00e8xic: el fam\u00f3s &#8220;dia dels morts&#8221;. Una festivitat preciosa i amb molts colors (<a href=\"https:\/\/www.filmaffinity.com\/es\/film893369.html\">heu vist la pel\u00b7l\u00edcula de Coco<\/a>? Est\u00e0 basada en aquesta festa!). Avui en dia, <strong>totes aquestes tradicions i elements de la festa de Halloween tamb\u00e9 les podem veure a Catalunya<\/strong>!<\/p>\n<p>Com sabr\u00e0s, s\u00f3n dues festivitats que tenen en com\u00fa honorar a tots aquells o totes aquelles que ja no s\u00f3n amb nosaltres, <strong>per\u00f2 tamb\u00e9 \u00e9s una &#8220;excusa&#8221; perfecta per passar-ho d&#8217;all\u00f2 m\u00e9s b\u00e9 i estar amb la gent que estimem<\/strong>! \u00c9s per aix\u00f2 que avui volem portar-te<strong> 7 curiositats sobre la Castanyada i Halloween que potser no coneixies<\/strong>! I ja saps&#8230; si en coneixes m\u00e9s, no dubtis a compartir-les amb nosaltres!<\/p>\n<p>[\/et_pb_text][et_pb_text _builder_version=&#8221;4.16&#8243; _module_preset=&#8221;default&#8221; global_colors_info=&#8221;{}&#8221;][\/et_pb_text][et_pb_image _builder_version=&#8221;4.16&#8243; _module_preset=&#8221;default&#8221; global_colors_info=&#8221;{}&#8221;][\/et_pb_image][et_pb_divider _builder_version=&#8221;4.16&#8243; _module_preset=&#8221;default&#8221; custom_margin=&#8221;40px||30px||false|false&#8221; global_colors_info=&#8221;{}&#8221;][\/et_pb_divider][\/et_pb_column][\/et_pb_row][et_pb_row _builder_version=&#8221;4.16&#8243; _module_preset=&#8221;default&#8221; global_colors_info=&#8221;{}&#8221;][et_pb_column type=&#8221;4_4&#8243; _builder_version=&#8221;4.16&#8243; _module_preset=&#8221;default&#8221; global_colors_info=&#8221;{}&#8221;][et_pb_image _builder_version=&#8221;4.24.2&#8243; _module_preset=&#8221;default&#8221; hover_enabled=&#8221;0&#8243; global_colors_info=&#8221;{}&#8221; sticky_enabled=&#8221;0&#8243;][\/et_pb_image][et_pb_text _builder_version=&#8221;4.24.2&#8243; _module_preset=&#8221;default&#8221; hover_enabled=&#8221;0&#8243; global_colors_info=&#8221;{}&#8221; sticky_enabled=&#8221;0&#8243;]<\/p>\n<h3>1. La paraula &#8220;panellet&#8221;<\/h3>\n<p><a href=\"https:\/\/ca.wikipedia.org\/wiki\/Panellet\"><strong>Els panellets<\/strong><\/a> s\u00f3n un dels dol\u00e7os m\u00e9s t\u00edpics de la festivitat de la Castanyada. En poden fer de molts tipus: de pinyons, de coco, d&#8217;ametlla, etc. <strong>Per\u00f2 saps perqu\u00e8 es diuen d&#8217;aquesta manera?\u00a0<\/strong>Els panellets es diuen aix\u00ed en refer\u00e8ncia a la paraula &#8220;panellons&#8221;, que eren uns pans votius de l&#8217;ofrena que es feia als difunts en els funerals, antigament.<\/p>\n<p>[\/et_pb_text][et_pb_text _builder_version=&#8221;4.24.2&#8243; _module_preset=&#8221;default&#8221; custom_margin=&#8221;40px||||false|false&#8221; hover_enabled=&#8221;0&#8243; global_colors_info=&#8221;{}&#8221; sticky_enabled=&#8221;0&#8243;]<\/p>\n<h3>2. L&#8217;origen dels panellets<\/h3>\n<p>Seguim amb la tem\u00e0tica dels panellets! I \u00e9s que tal com explic\u00e0vem en el punt anterior, antigament s&#8217;utilitzaven com a menjar beneit per compartir amb les celebracions religioses o funerals. Per\u00f2 ara ens fixarem en la composici\u00f3 d&#8217;aquestes petites peces de menjar&#8230; Per preparar els panellets es necessiten pocs ingredients, <strong>per\u00f2 hi ha un de ben important que \u00e9s l&#8217;ametlla, ja que forma part de la base! Aix\u00f2 ens indica que, segurament els panellets, tenen el seu origen en alguna recepta de rebosteria \u00e0rab d&#8217;entre els segles VIII i X.<\/strong><\/p>\n<p>[\/et_pb_text][et_pb_text _builder_version=&#8221;4.24.2&#8243; _module_preset=&#8221;default&#8221; custom_margin=&#8221;40px||||false|false&#8221; hover_enabled=&#8221;0&#8243; global_colors_info=&#8221;{}&#8221; sticky_enabled=&#8221;0&#8243;]<\/p>\n<h3>3. Les carbasses s\u00f3n exclusives de Halloween?<\/h3>\n<p>Aquest \u00e9s un tema molt i molt interessant! \u00c9s probable que tots i totes, quan pensem en Halloween, el primer que ens vingui al cap siguin <a href=\"https:\/\/es.wikipedia.org\/wiki\/Jack-o%27-lantern\">les carbasses tallades en forma de caps terror\u00edfics<\/a>, per\u00f2 s\u00f3n realment un producte d&#8217;aquesta famosa festivitat? <strong>La realitat \u00e9s que durant l&#8217;<a href=\"https:\/\/ca.wikipedia.org\/wiki\/Edat_mitjana\">edat mitjana<\/a> hi havia el costum, en nombrosos indrets de Catalunya, de preparar una carbassa buida amb una espelma flamejant dins<\/strong>. Aquesta pr\u00e0ctica es feia majorit\u00e0riament a les comarques del Ripoll\u00e8s i d&#8217;Osona, i tamb\u00e9 a les comarques de la Franja de Ponent. Incre\u00efble, oi? Val a dir que <strong>a vegades no s&#8217;utilitzaven carbasses, sin\u00f3 naps, que tamb\u00e9 feien una molt bona sensaci\u00f3 d&#8217;horror<\/strong>!<\/p>\n<p>[\/et_pb_text][et_pb_text _builder_version=&#8221;4.24.2&#8243; _module_preset=&#8221;default&#8221; custom_margin=&#8221;40px||||false|false&#8221; hover_enabled=&#8221;0&#8243; global_colors_info=&#8221;{}&#8221; sticky_enabled=&#8221;0&#8243;]<\/p>\n<h3>4. El &#8220;trick or treat&#8221; o &#8220;paga o plora&#8221;<\/h3>\n<p>El costum del &#8220;<a href=\"https:\/\/ca.wikipedia.org\/wiki\/Paga_o_plora\">trick or treat<\/a>&#8221; (paga o plora en catal\u00e0) es va popularitzar als Estats Units durant la d\u00e8cada del 1930! Per\u00f2&#8230; <strong>per qu\u00e8 \u00e9s costum que els nens i nenes vagin a les cases a demanar caramels i dol\u00e7os amb aquesta frase?<\/strong> Doncs aquesta pr\u00e0ctica prov\u00e9 de la creen\u00e7a que <strong>les persones havien d&#8217;oferir regals o menjar als esperits per evitar que fessin entremaliadures durant aquesta festivitat<\/strong>. \u00c9s per aix\u00f2, que els nens i les nenes aprofiten la festa del Halloween per disfressar-se dels esperits i demanar porta per porta menjar i caramels a tots els ve\u00efns!<\/p>\n<p>[\/et_pb_text][et_pb_text _builder_version=&#8221;4.24.2&#8243; _module_preset=&#8221;default&#8221; custom_margin=&#8221;40px||||false|false&#8221; hover_enabled=&#8221;0&#8243; global_colors_info=&#8221;{}&#8221; sticky_enabled=&#8221;0&#8243;]<\/p>\n<h3>5. Per qu\u00e8 es mengen castanyes durant La Castanyada?<\/h3>\n<p><strong>Mai t&#8217;has preguntat per qu\u00e8 les castanyes s\u00f3n tan t\u00edpiques el 31 d&#8217;octubre?<\/strong> Antigament, els campanars de l&#8217;esgl\u00e9sia sonaven tota la nit avisant que arribava l&#8217;1 de novembre, per\u00f2 com no hi havia un mecanisme modern per fer-les funcionar, les persones encarregades ho havien de fer de forma manual. Aix\u00ed doncs, aquestes persones <strong>es reunien entre elles per menjar una bona paperina de castanyes al foc acompanyades de vi dol\u00e7<\/strong>. D&#8217;aquesta manera es resguardaven del fred i <strong>agafaven energia per pujar i fer repicar les campanes durant tota la nit<\/strong>!<\/p>\n<p>[\/et_pb_text][et_pb_text _builder_version=&#8221;4.24.2&#8243; _module_preset=&#8221;default&#8221; custom_margin=&#8221;40px||||false|false&#8221; hover_enabled=&#8221;0&#8243; global_colors_info=&#8221;{}&#8221; sticky_enabled=&#8221;0&#8243;]<\/p>\n<h3>6. La primera ciutat que va celebrar Halloween<\/h3>\n<p><strong>Sabies que la ciutat que va celebrar per primera vegada la festivitat de Halloween figura dins el llibre de <a href=\"https:\/\/www.guinnessworldrecords.es\/#\">Records Guiness<\/a>?<\/strong> S\u00ed, s\u00ed. Aquesta ciutat \u00e9s <a href=\"https:\/\/ca.wikipedia.org\/wiki\/Anoka_(Minnesota)\">Anoka<\/a>, que es troba a l&#8217;estat de Minnesota, als Estats Units. Aquesta ciutat \u00e9s considerada la &#8220;<strong>capital del Halloween<\/strong>&#8220;, ja que va preparar la primera rua de Halloween <strong>de tot el m\u00f3n l&#8217;any 1920.<\/strong><\/p>\n<p>[\/et_pb_text][et_pb_text _builder_version=&#8221;4.24.2&#8243; _module_preset=&#8221;default&#8221; custom_margin=&#8221;40px||||false|false&#8221; hover_enabled=&#8221;0&#8243; global_colors_info=&#8221;{}&#8221; sticky_enabled=&#8221;0&#8243;]<\/p>\n<h3>7. Fusi\u00f3 Castaween<\/h3>\n<p>A Catalunya,<b> la tradici\u00f3 m\u00e9s antiga i folkl\u00f2rica \u00e9s La Castanyada!<\/b> I es porta celebrant des de fa ja molts anys. No obstant aix\u00f2, cada vegada,<b> en tots els pobles i ciutats, fam\u00edlies, escoles i esplais, han anat adoptant elements i simbologies de la festivitat de Halloween<\/b> tamb\u00e9. \u00c9s per aix\u00f2, que avui en dia existeix una mena de fusi\u00f3 superxula que anomenem <b>Castaween!<\/b><\/p>\n<p>[\/et_pb_text][\/et_pb_column][\/et_pb_row][et_pb_row _builder_version=&#8221;4.16&#8243; _module_preset=&#8221;default&#8221; global_colors_info=&#8221;{}&#8221;][et_pb_column type=&#8221;4_4&#8243; _builder_version=&#8221;4.16&#8243; _module_preset=&#8221;default&#8221; global_colors_info=&#8221;{}&#8221;][et_pb_divider _builder_version=&#8221;4.16&#8243; _module_preset=&#8221;default&#8221; custom_margin=&#8221;40px||30px||false|false&#8221; global_colors_info=&#8221;{}&#8221;][\/et_pb_divider][et_pb_text _builder_version=&#8221;4.24.2&#8243; _module_preset=&#8221;default&#8221; hover_enabled=&#8221;0&#8243; global_colors_info=&#8221;{}&#8221; sticky_enabled=&#8221;0&#8243;]<\/p>\n<p>Tens ganes de celebrar aquestes festivitats plenes de diversi\u00f3 i m\u00e0gia? <strong>Esperem que gaudeixis al m\u00e0xim de La Castanyada i Halloween<\/strong>. I, recorda! Si saps m\u00e9s curiositats sobre aquestes celebracions, no dubtis a compartir-les amb nosaltres!<\/p>\n<p>&nbsp;<\/p>\n<h4>M\u00c9S ENTRADES DE BLOG QUE ET PODEN INTERESSAR:<\/h4>\n<ul>\n<li><a href=\"https:\/\/albergueesplaibarcelona.com\/ca\/blog-ca\/barcelona-en-familia-ca\/8-festes-populars-de-catalunya-impressionants\/\">8 Festes Populars de Catalunya impressionants!<\/a><\/li>\n<li><a href=\"https:\/\/cases.fundesplai.org\/blog\/familia\/5-decoracions-halloween-papiroflexia\/\">5 Decoracions de Halloween amb papirofl\u00e8xia<\/a><\/li>\n<li><a href=\"https:\/\/albergueesplaibarcelona.com\/ca\/blog-ca\/actualitat-a-lalberg\/nou-escape-food-2050-i-escape-food-junior\/\">Escape Food 2050 i Escape Food Junior!<\/a><\/li>\n<li><a href=\"https:\/\/albergueesplaibarcelona.com\/ca\/blog-ca\/que_fer\/carxofa-del-prat\/\">La Carxofa, la reina del Prat!<\/a><\/li>\n<li><a href=\"https:\/\/albergueesplaibarcelona.com\/ca\/blog-ca\/que_fer\/receptes-amb-la-carxofa-del-prat\/\">3 Receptes amb la carxofa del Prat<\/a><\/li>\n<li><a href=\"https:\/\/albergueesplaibarcelona.com\/ca\/blog-ca\/barcelona-en-familia-ca\/mercats-proximitat-bcn\/\">Els 8 mercats verds de proximitat de Barcelona<\/a><\/li>\n<\/ul>\n<p>[\/et_pb_text][\/et_pb_column][\/et_pb_row][\/et_pb_section]<\/p>\n","protected":false},"excerpt":{"rendered":"<p>Ja arriba La Castanyada i Halloween! Vols saber les millors curiositats sobre aquestes dues festivitats que se celebren el mateix dia?<\/p>\n","protected":false},"author":6,"featured_media":17516,"comment_status":"closed","ping_status":"closed","sticky":false,"template":"","format":"standard","meta":{"_et_pb_use_builder":"on","_et_pb_old_content":"","_et_gb_content_width":"","footnotes":""},"categories":[7,34],"tags":[181,172,178,174,175,176,177,173,179,180],"class_list":["post-17443","post","type-post","status-publish","format-standard","has-post-thumbnail","hentry","category-actualitat-a-lalberg","category-barcelona-en-familia-ca","tag-carbassa","tag-castanyada","tag-castanyes","tag-catalunya","tag-celebracio","tag-festes-populars","tag-festivitats","tag-halloween","tag-moniatos","tag-panellets"],"yoast_head":"<!-- This site is optimized with the Yoast SEO plugin v27.5 - https:\/\/yoast.com\/product\/yoast-seo-wordpress\/ -->\n<title>7 Curiositats sobre la Castanyada i Halloween - Alberg Centre Esplai<\/title>\n<meta name=\"description\" content=\"Ja arriba La Castanyada i Halloween! Vols saber les millors curiositats sobre aquestes dues festivitats que se celebren el mateix dia?\" \/>\n<meta name=\"robots\" content=\"index, follow, max-snippet:-1, max-image-preview:large, max-video-preview:-1\" \/>\n<link rel=\"canonical\" href=\"https:\/\/albergueesplaibarcelona.com\/ca\/blog-ca\/actualitat-a-lalberg\/7-curiositats-castanyada-halloween\/\" \/>\n<meta property=\"og:locale\" content=\"ca_ES\" \/>\n<meta property=\"og:type\" content=\"article\" \/>\n<meta property=\"og:title\" content=\"7 Curiositats sobre la Castanyada i Halloween - Alberg Centre Esplai\" \/>\n<meta property=\"og:description\" content=\"Ja arriba La Castanyada i Halloween! Vols saber les millors curiositats sobre aquestes dues festivitats que se celebren el mateix dia?\" \/>\n<meta property=\"og:url\" content=\"https:\/\/albergueesplaibarcelona.com\/ca\/blog-ca\/actualitat-a-lalberg\/7-curiositats-castanyada-halloween\/\" \/>\n<meta property=\"og:site_name\" content=\"Alberg Centre Esplai\" \/>\n<meta property=\"article:published_time\" content=\"2023-10-31T14:14:52+00:00\" \/>\n<meta property=\"article:modified_time\" content=\"2024-09-10T09:04:46+00:00\" \/>\n<meta property=\"og:image\" content=\"https:\/\/albergueesplaibarcelona.com\/wp-content\/uploads\/2023\/10\/Diseno-sin-titulo-10.jpg\" \/>\n\t<meta property=\"og:image:width\" content=\"1888\" \/>\n\t<meta property=\"og:image:height\" content=\"900\" \/>\n\t<meta property=\"og:image:type\" content=\"image\/jpeg\" \/>\n<meta name=\"author\" content=\"Cristina Espinosa Colom\u00e9\" \/>\n<meta name=\"twitter:card\" content=\"summary_large_image\" \/>\n<meta name=\"twitter:label1\" content=\"Escrit per\" \/>\n\t<meta name=\"twitter:data1\" content=\"Cristina Espinosa Colom\u00e9\" \/>\n\t<meta name=\"twitter:label2\" content=\"Temps estimat de lectura\" \/>\n\t<meta name=\"twitter:data2\" content=\"5 minuts\" \/>\n<script type=\"application\/ld+json\" class=\"yoast-schema-graph\">{\"@context\":\"https:\\\/\\\/schema.org\",\"@graph\":[{\"@type\":\"Article\",\"@id\":\"https:\\\/\\\/albergueesplaibarcelona.com\\\/ca\\\/blog-ca\\\/actualitat-a-lalberg\\\/7-curiositats-castanyada-halloween\\\/#article\",\"isPartOf\":{\"@id\":\"https:\\\/\\\/albergueesplaibarcelona.com\\\/ca\\\/blog-ca\\\/actualitat-a-lalberg\\\/7-curiositats-castanyada-halloween\\\/\"},\"author\":{\"name\":\"Cristina Espinosa Colom\u00e9\",\"@id\":\"https:\\\/\\\/albergueesplaibarcelona.com\\\/ca\\\/#\\\/schema\\\/person\\\/207b9e504146116f51fecbd705c33396\"},\"headline\":\"7 Curiositats sobre la Castanyada i Halloween\",\"datePublished\":\"2023-10-31T14:14:52+00:00\",\"dateModified\":\"2024-09-10T09:04:46+00:00\",\"mainEntityOfPage\":{\"@id\":\"https:\\\/\\\/albergueesplaibarcelona.com\\\/ca\\\/blog-ca\\\/actualitat-a-lalberg\\\/7-curiositats-castanyada-halloween\\\/\"},\"wordCount\":1408,\"publisher\":{\"@id\":\"https:\\\/\\\/albergueesplaibarcelona.com\\\/ca\\\/#organization\"},\"image\":{\"@id\":\"https:\\\/\\\/albergueesplaibarcelona.com\\\/ca\\\/blog-ca\\\/actualitat-a-lalberg\\\/7-curiositats-castanyada-halloween\\\/#primaryimage\"},\"thumbnailUrl\":\"https:\\\/\\\/albergueesplaibarcelona.com\\\/wp-content\\\/uploads\\\/2023\\\/10\\\/Diseno-sin-titulo-10.jpg\",\"keywords\":[\"carbassa\",\"castanyada\",\"castanyes\",\"catalunya\",\"celebracio\",\"festes populars\",\"festivitats\",\"halloween\",\"moniatos\",\"panellets\"],\"articleSection\":[\"Actualitat a l'Alberg\",\"Barcelona en fam\u00edlia\"],\"inLanguage\":\"ca\"},{\"@type\":\"WebPage\",\"@id\":\"https:\\\/\\\/albergueesplaibarcelona.com\\\/ca\\\/blog-ca\\\/actualitat-a-lalberg\\\/7-curiositats-castanyada-halloween\\\/\",\"url\":\"https:\\\/\\\/albergueesplaibarcelona.com\\\/ca\\\/blog-ca\\\/actualitat-a-lalberg\\\/7-curiositats-castanyada-halloween\\\/\",\"name\":\"7 Curiositats sobre la Castanyada i Halloween - Alberg Centre Esplai\",\"isPartOf\":{\"@id\":\"https:\\\/\\\/albergueesplaibarcelona.com\\\/ca\\\/#website\"},\"primaryImageOfPage\":{\"@id\":\"https:\\\/\\\/albergueesplaibarcelona.com\\\/ca\\\/blog-ca\\\/actualitat-a-lalberg\\\/7-curiositats-castanyada-halloween\\\/#primaryimage\"},\"image\":{\"@id\":\"https:\\\/\\\/albergueesplaibarcelona.com\\\/ca\\\/blog-ca\\\/actualitat-a-lalberg\\\/7-curiositats-castanyada-halloween\\\/#primaryimage\"},\"thumbnailUrl\":\"https:\\\/\\\/albergueesplaibarcelona.com\\\/wp-content\\\/uploads\\\/2023\\\/10\\\/Diseno-sin-titulo-10.jpg\",\"datePublished\":\"2023-10-31T14:14:52+00:00\",\"dateModified\":\"2024-09-10T09:04:46+00:00\",\"description\":\"Ja arriba La Castanyada i Halloween! Vols saber les millors curiositats sobre aquestes dues festivitats que se celebren el mateix dia?\",\"breadcrumb\":{\"@id\":\"https:\\\/\\\/albergueesplaibarcelona.com\\\/ca\\\/blog-ca\\\/actualitat-a-lalberg\\\/7-curiositats-castanyada-halloween\\\/#breadcrumb\"},\"inLanguage\":\"ca\",\"potentialAction\":[{\"@type\":\"ReadAction\",\"target\":[\"https:\\\/\\\/albergueesplaibarcelona.com\\\/ca\\\/blog-ca\\\/actualitat-a-lalberg\\\/7-curiositats-castanyada-halloween\\\/\"]}]},{\"@type\":\"ImageObject\",\"inLanguage\":\"ca\",\"@id\":\"https:\\\/\\\/albergueesplaibarcelona.com\\\/ca\\\/blog-ca\\\/actualitat-a-lalberg\\\/7-curiositats-castanyada-halloween\\\/#primaryimage\",\"url\":\"https:\\\/\\\/albergueesplaibarcelona.com\\\/wp-content\\\/uploads\\\/2023\\\/10\\\/Diseno-sin-titulo-10.jpg\",\"contentUrl\":\"https:\\\/\\\/albergueesplaibarcelona.com\\\/wp-content\\\/uploads\\\/2023\\\/10\\\/Diseno-sin-titulo-10.jpg\",\"width\":1888,\"height\":900,\"caption\":\"6 Curiositats sobre La Castanyada i Halloween\"},{\"@type\":\"BreadcrumbList\",\"@id\":\"https:\\\/\\\/albergueesplaibarcelona.com\\\/ca\\\/blog-ca\\\/actualitat-a-lalberg\\\/7-curiositats-castanyada-halloween\\\/#breadcrumb\",\"itemListElement\":[{\"@type\":\"ListItem\",\"position\":1,\"name\":\"Inici\",\"item\":\"https:\\\/\\\/albergueesplaibarcelona.com\\\/ca\\\/el-albergue\\\/\"},{\"@type\":\"ListItem\",\"position\":2,\"name\":\"Blog\",\"item\":\"https:\\\/\\\/albergueesplaibarcelona.com\\\/ca\\\/blog-ca\\\/\"},{\"@type\":\"ListItem\",\"position\":3,\"name\":\"Actualitat a l'Alberg\",\"item\":\"https:\\\/\\\/albergueesplaibarcelona.com\\\/ca\\\/blog-ca\\\/actualitat-a-lalberg\\\/\"},{\"@type\":\"ListItem\",\"position\":4,\"name\":\"7 Curiositats sobre la Castanyada i Halloween\"}]},{\"@type\":\"WebSite\",\"@id\":\"https:\\\/\\\/albergueesplaibarcelona.com\\\/ca\\\/#website\",\"url\":\"https:\\\/\\\/albergueesplaibarcelona.com\\\/ca\\\/\",\"name\":\"Alberg Centre Esplai\",\"description\":\"Alberg\",\"publisher\":{\"@id\":\"https:\\\/\\\/albergueesplaibarcelona.com\\\/ca\\\/#organization\"},\"potentialAction\":[{\"@type\":\"SearchAction\",\"target\":{\"@type\":\"EntryPoint\",\"urlTemplate\":\"https:\\\/\\\/albergueesplaibarcelona.com\\\/ca\\\/?s={search_term_string}\"},\"query-input\":{\"@type\":\"PropertyValueSpecification\",\"valueRequired\":true,\"valueName\":\"search_term_string\"}}],\"inLanguage\":\"ca\"},{\"@type\":\"Organization\",\"@id\":\"https:\\\/\\\/albergueesplaibarcelona.com\\\/ca\\\/#organization\",\"name\":\"Albergue Centre Esplai\",\"url\":\"https:\\\/\\\/albergueesplaibarcelona.com\\\/ca\\\/\",\"logo\":{\"@type\":\"ImageObject\",\"inLanguage\":\"ca\",\"@id\":\"https:\\\/\\\/albergueesplaibarcelona.com\\\/ca\\\/#\\\/schema\\\/logo\\\/image\\\/\",\"url\":\"https:\\\/\\\/albergueesplaibarcelona.com\\\/wp-content\\\/uploads\\\/2020\\\/12\\\/logo_alberg_centre_esplai-e1608117409320.png\",\"contentUrl\":\"https:\\\/\\\/albergueesplaibarcelona.com\\\/wp-content\\\/uploads\\\/2020\\\/12\\\/logo_alberg_centre_esplai-e1608117409320.png\",\"width\":500,\"height\":241,\"caption\":\"Albergue Centre Esplai\"},\"image\":{\"@id\":\"https:\\\/\\\/albergueesplaibarcelona.com\\\/ca\\\/#\\\/schema\\\/logo\\\/image\\\/\"}},{\"@type\":\"Person\",\"@id\":\"https:\\\/\\\/albergueesplaibarcelona.com\\\/ca\\\/#\\\/schema\\\/person\\\/207b9e504146116f51fecbd705c33396\",\"name\":\"Cristina Espinosa Colom\u00e9\",\"image\":{\"@type\":\"ImageObject\",\"inLanguage\":\"ca\",\"@id\":\"https:\\\/\\\/secure.gravatar.com\\\/avatar\\\/5c055e483e79baf8f2898f968d705db458690241795f16b3e0ff8fd47bdac10e?s=96&d=mm&r=g\",\"url\":\"https:\\\/\\\/secure.gravatar.com\\\/avatar\\\/5c055e483e79baf8f2898f968d705db458690241795f16b3e0ff8fd47bdac10e?s=96&d=mm&r=g\",\"contentUrl\":\"https:\\\/\\\/secure.gravatar.com\\\/avatar\\\/5c055e483e79baf8f2898f968d705db458690241795f16b3e0ff8fd47bdac10e?s=96&d=mm&r=g\",\"caption\":\"Cristina Espinosa Colom\u00e9\"},\"url\":\"https:\\\/\\\/albergueesplaibarcelona.com\\\/ca\\\/author\\\/cespinosa\\\/\"}]}<\/script>\n<!-- \/ Yoast SEO plugin. -->","yoast_head_json":{"title":"7 Curiositats sobre la Castanyada i Halloween - Alberg Centre Esplai","description":"Ja arriba La Castanyada i Halloween! Vols saber les millors curiositats sobre aquestes dues festivitats que se celebren el mateix dia?","robots":{"index":"index","follow":"follow","max-snippet":"max-snippet:-1","max-image-preview":"max-image-preview:large","max-video-preview":"max-video-preview:-1"},"canonical":"https:\/\/albergueesplaibarcelona.com\/ca\/blog-ca\/actualitat-a-lalberg\/7-curiositats-castanyada-halloween\/","og_locale":"ca_ES","og_type":"article","og_title":"7 Curiositats sobre la Castanyada i Halloween - Alberg Centre Esplai","og_description":"Ja arriba La Castanyada i Halloween! Vols saber les millors curiositats sobre aquestes dues festivitats que se celebren el mateix dia?","og_url":"https:\/\/albergueesplaibarcelona.com\/ca\/blog-ca\/actualitat-a-lalberg\/7-curiositats-castanyada-halloween\/","og_site_name":"Alberg Centre Esplai","article_published_time":"2023-10-31T14:14:52+00:00","article_modified_time":"2024-09-10T09:04:46+00:00","og_image":[{"width":1888,"height":900,"url":"https:\/\/albergueesplaibarcelona.com\/wp-content\/uploads\/2023\/10\/Diseno-sin-titulo-10.jpg","type":"image\/jpeg"}],"author":"Cristina Espinosa Colom\u00e9","twitter_card":"summary_large_image","twitter_misc":{"Escrit per":"Cristina Espinosa Colom\u00e9","Temps estimat de lectura":"5 minuts"},"schema":{"@context":"https:\/\/schema.org","@graph":[{"@type":"Article","@id":"https:\/\/albergueesplaibarcelona.com\/ca\/blog-ca\/actualitat-a-lalberg\/7-curiositats-castanyada-halloween\/#article","isPartOf":{"@id":"https:\/\/albergueesplaibarcelona.com\/ca\/blog-ca\/actualitat-a-lalberg\/7-curiositats-castanyada-halloween\/"},"author":{"name":"Cristina Espinosa Colom\u00e9","@id":"https:\/\/albergueesplaibarcelona.com\/ca\/#\/schema\/person\/207b9e504146116f51fecbd705c33396"},"headline":"7 Curiositats sobre la Castanyada i Halloween","datePublished":"2023-10-31T14:14:52+00:00","dateModified":"2024-09-10T09:04:46+00:00","mainEntityOfPage":{"@id":"https:\/\/albergueesplaibarcelona.com\/ca\/blog-ca\/actualitat-a-lalberg\/7-curiositats-castanyada-halloween\/"},"wordCount":1408,"publisher":{"@id":"https:\/\/albergueesplaibarcelona.com\/ca\/#organization"},"image":{"@id":"https:\/\/albergueesplaibarcelona.com\/ca\/blog-ca\/actualitat-a-lalberg\/7-curiositats-castanyada-halloween\/#primaryimage"},"thumbnailUrl":"https:\/\/albergueesplaibarcelona.com\/wp-content\/uploads\/2023\/10\/Diseno-sin-titulo-10.jpg","keywords":["carbassa","castanyada","castanyes","catalunya","celebracio","festes populars","festivitats","halloween","moniatos","panellets"],"articleSection":["Actualitat a l'Alberg","Barcelona en fam\u00edlia"],"inLanguage":"ca"},{"@type":"WebPage","@id":"https:\/\/albergueesplaibarcelona.com\/ca\/blog-ca\/actualitat-a-lalberg\/7-curiositats-castanyada-halloween\/","url":"https:\/\/albergueesplaibarcelona.com\/ca\/blog-ca\/actualitat-a-lalberg\/7-curiositats-castanyada-halloween\/","name":"7 Curiositats sobre la Castanyada i Halloween - Alberg Centre Esplai","isPartOf":{"@id":"https:\/\/albergueesplaibarcelona.com\/ca\/#website"},"primaryImageOfPage":{"@id":"https:\/\/albergueesplaibarcelona.com\/ca\/blog-ca\/actualitat-a-lalberg\/7-curiositats-castanyada-halloween\/#primaryimage"},"image":{"@id":"https:\/\/albergueesplaibarcelona.com\/ca\/blog-ca\/actualitat-a-lalberg\/7-curiositats-castanyada-halloween\/#primaryimage"},"thumbnailUrl":"https:\/\/albergueesplaibarcelona.com\/wp-content\/uploads\/2023\/10\/Diseno-sin-titulo-10.jpg","datePublished":"2023-10-31T14:14:52+00:00","dateModified":"2024-09-10T09:04:46+00:00","description":"Ja arriba La Castanyada i Halloween! Vols saber les millors curiositats sobre aquestes dues festivitats que se celebren el mateix dia?","breadcrumb":{"@id":"https:\/\/albergueesplaibarcelona.com\/ca\/blog-ca\/actualitat-a-lalberg\/7-curiositats-castanyada-halloween\/#breadcrumb"},"inLanguage":"ca","potentialAction":[{"@type":"ReadAction","target":["https:\/\/albergueesplaibarcelona.com\/ca\/blog-ca\/actualitat-a-lalberg\/7-curiositats-castanyada-halloween\/"]}]},{"@type":"ImageObject","inLanguage":"ca","@id":"https:\/\/albergueesplaibarcelona.com\/ca\/blog-ca\/actualitat-a-lalberg\/7-curiositats-castanyada-halloween\/#primaryimage","url":"https:\/\/albergueesplaibarcelona.com\/wp-content\/uploads\/2023\/10\/Diseno-sin-titulo-10.jpg","contentUrl":"https:\/\/albergueesplaibarcelona.com\/wp-content\/uploads\/2023\/10\/Diseno-sin-titulo-10.jpg","width":1888,"height":900,"caption":"6 Curiositats sobre La Castanyada i Halloween"},{"@type":"BreadcrumbList","@id":"https:\/\/albergueesplaibarcelona.com\/ca\/blog-ca\/actualitat-a-lalberg\/7-curiositats-castanyada-halloween\/#breadcrumb","itemListElement":[{"@type":"ListItem","position":1,"name":"Inici","item":"https:\/\/albergueesplaibarcelona.com\/ca\/el-albergue\/"},{"@type":"ListItem","position":2,"name":"Blog","item":"https:\/\/albergueesplaibarcelona.com\/ca\/blog-ca\/"},{"@type":"ListItem","position":3,"name":"Actualitat a l'Alberg","item":"https:\/\/albergueesplaibarcelona.com\/ca\/blog-ca\/actualitat-a-lalberg\/"},{"@type":"ListItem","position":4,"name":"7 Curiositats sobre la Castanyada i Halloween"}]},{"@type":"WebSite","@id":"https:\/\/albergueesplaibarcelona.com\/ca\/#website","url":"https:\/\/albergueesplaibarcelona.com\/ca\/","name":"Alberg Centre Esplai","description":"Alberg","publisher":{"@id":"https:\/\/albergueesplaibarcelona.com\/ca\/#organization"},"potentialAction":[{"@type":"SearchAction","target":{"@type":"EntryPoint","urlTemplate":"https:\/\/albergueesplaibarcelona.com\/ca\/?s={search_term_string}"},"query-input":{"@type":"PropertyValueSpecification","valueRequired":true,"valueName":"search_term_string"}}],"inLanguage":"ca"},{"@type":"Organization","@id":"https:\/\/albergueesplaibarcelona.com\/ca\/#organization","name":"Albergue Centre Esplai","url":"https:\/\/albergueesplaibarcelona.com\/ca\/","logo":{"@type":"ImageObject","inLanguage":"ca","@id":"https:\/\/albergueesplaibarcelona.com\/ca\/#\/schema\/logo\/image\/","url":"https:\/\/albergueesplaibarcelona.com\/wp-content\/uploads\/2020\/12\/logo_alberg_centre_esplai-e1608117409320.png","contentUrl":"https:\/\/albergueesplaibarcelona.com\/wp-content\/uploads\/2020\/12\/logo_alberg_centre_esplai-e1608117409320.png","width":500,"height":241,"caption":"Albergue Centre Esplai"},"image":{"@id":"https:\/\/albergueesplaibarcelona.com\/ca\/#\/schema\/logo\/image\/"}},{"@type":"Person","@id":"https:\/\/albergueesplaibarcelona.com\/ca\/#\/schema\/person\/207b9e504146116f51fecbd705c33396","name":"Cristina Espinosa Colom\u00e9","image":{"@type":"ImageObject","inLanguage":"ca","@id":"https:\/\/secure.gravatar.com\/avatar\/5c055e483e79baf8f2898f968d705db458690241795f16b3e0ff8fd47bdac10e?s=96&d=mm&r=g","url":"https:\/\/secure.gravatar.com\/avatar\/5c055e483e79baf8f2898f968d705db458690241795f16b3e0ff8fd47bdac10e?s=96&d=mm&r=g","contentUrl":"https:\/\/secure.gravatar.com\/avatar\/5c055e483e79baf8f2898f968d705db458690241795f16b3e0ff8fd47bdac10e?s=96&d=mm&r=g","caption":"Cristina Espinosa Colom\u00e9"},"url":"https:\/\/albergueesplaibarcelona.com\/ca\/author\/cespinosa\/"}]}},"_links":{"self":[{"href":"https:\/\/albergueesplaibarcelona.com\/ca\/wp-json\/wp\/v2\/posts\/17443","targetHints":{"allow":["GET"]}}],"collection":[{"href":"https:\/\/albergueesplaibarcelona.com\/ca\/wp-json\/wp\/v2\/posts"}],"about":[{"href":"https:\/\/albergueesplaibarcelona.com\/ca\/wp-json\/wp\/v2\/types\/post"}],"author":[{"embeddable":true,"href":"https:\/\/albergueesplaibarcelona.com\/ca\/wp-json\/wp\/v2\/users\/6"}],"replies":[{"embeddable":true,"href":"https:\/\/albergueesplaibarcelona.com\/ca\/wp-json\/wp\/v2\/comments?post=17443"}],"version-history":[{"count":36,"href":"https:\/\/albergueesplaibarcelona.com\/ca\/wp-json\/wp\/v2\/posts\/17443\/revisions"}],"predecessor-version":[{"id":19188,"href":"https:\/\/albergueesplaibarcelona.com\/ca\/wp-json\/wp\/v2\/posts\/17443\/revisions\/19188"}],"wp:featuredmedia":[{"embeddable":true,"href":"https:\/\/albergueesplaibarcelona.com\/ca\/wp-json\/wp\/v2\/media\/17516"}],"wp:attachment":[{"href":"https:\/\/albergueesplaibarcelona.com\/ca\/wp-json\/wp\/v2\/media?parent=17443"}],"wp:term":[{"taxonomy":"category","embeddable":true,"href":"https:\/\/albergueesplaibarcelona.com\/ca\/wp-json\/wp\/v2\/categories?post=17443"},{"taxonomy":"post_tag","embeddable":true,"href":"https:\/\/albergueesplaibarcelona.com\/ca\/wp-json\/wp\/v2\/tags?post=17443"}],"curies":[{"name":"wp","href":"https:\/\/api.w.org\/{rel}","templated":true}]}}