{"id":5415,"date":"2022-07-06T12:28:30","date_gmt":"2022-07-06T12:28:30","guid":{"rendered":"https:\/\/albergueesplaibarcelona.com\/?p=5415"},"modified":"2022-07-20T09:02:10","modified_gmt":"2022-07-20T09:02:10","slug":"sant-pollin-2022-al-prat-de-llobregat","status":"publish","type":"post","link":"https:\/\/albergueesplaibarcelona.com\/ca\/blog-ca\/actualitat-a-lalberg\/sant-pollin-2022-al-prat-de-llobregat\/","title":{"rendered":"Sant Poll\u00edn 2022 al Prat de Llobregat"},"content":{"rendered":"<p>[et_pb_section fb_built=&#8221;1&#8243; _builder_version=&#8221;3.24.1&#8243; global_colors_info=&#8221;{}&#8221;][et_pb_row _builder_version=&#8221;3.25&#8243; global_colors_info=&#8221;{}&#8221;][et_pb_column type=&#8221;4_4&#8243; _builder_version=&#8221;3.25&#8243; custom_padding=&#8221;|||&#8221; global_colors_info=&#8221;{}&#8221; custom_padding__hover=&#8221;|||&#8221;][et_pb_text _builder_version=&#8221;4.10.8&#8243; global_colors_info=&#8221;{}&#8221;]<\/p>\n<p>Si no has tingut temps per acudir als San Fermines de Pamplona, avui et portem l&#8217;alternativa m\u00e9s divertida i millor parodiada d&#8217;aquesta festivitat! T&#8217;estem parlant d&#8217;una <strong>festa popular que se celebra al Prat de Llobregat a mitjans del mes de juliol anomenada Sant Poll\u00edn<\/strong>. Aquesta comen\u00e7a<strong> dem\u00e0 dia 7 i t\u00e9 una duraci\u00f3 de 3 dies, \u00e9s a dir, fins al 9 de juliol<\/strong>. Est\u00e0 pensada perqu\u00e8 gaudeixi tota la fam\u00edlia per\u00f2, sobretot, els m\u00e9s petits de la casa! Sant Poll\u00edn es porta fent des de fa 11 anys i <strong>est\u00e0 organitzat de forma directa per la <a href=\"http:\/\/www.colladediablesdelprat.cat\/\">Colla Diables del Prat<\/a> en col\u00b7laboraci\u00f3 amb l&#8217;<a href=\"https:\/\/www.elprat.cat\/\">Ajuntament del Prat de Llobregat<\/a><\/strong>.<\/p>\n<p>Com hem dit anteriorment, Sant Poll\u00edn \u00e9s una par\u00f2dia dels San Fermines i inclou tots els elements que formen part d&#8217;aquesta festa esmentada: &#8220;<strong>encierros&#8221; (per\u00f2 amb una figura diferent, &#8220;El Pollo&#8221;), txupinazos, actuacions, concerts, Djs, cercavila<\/strong>, etc. A m\u00e9s a m\u00e9s, Sant Poll\u00edn t\u00e9 un plat fort&#8230; <strong>La Ruta de pintxos de Sant Poll\u00edn porta celebrant-se des de fa 4 anys<\/strong> i \u00e9s una oportunitat perfecta per con\u00e8ixer el ventall gastron\u00f2mic local del Prat de Llobregat!<\/p>\n<p>[\/et_pb_text][et_pb_text _builder_version=&#8221;4.10.8&#8243; custom_margin=&#8221;40px||&#8221; global_colors_info=&#8221;{}&#8221;]<\/p>\n<p style=\"text-align: center;\"><i class=\"fas fa-info-circle\"><\/i> Podeu trobar m\u00e9s informaci\u00f3 sobre aquesta festivitat a la <a href=\"http:\/\/www.santpollin.cat\/#services\">p\u00e0gina oficial de Sant Poll\u00edn<\/a>.<\/p>\n<p>[\/et_pb_text][et_pb_image src=&#8221;https:\/\/albergueesplaibarcelona.com\/wp-content\/uploads\/2019\/07\/pollin1.jpg&#8221; _builder_version=&#8221;4.10.8&#8243; custom_margin=&#8221;40px||&#8221; global_colors_info=&#8221;{}&#8221;][\/et_pb_image][et_pb_divider _builder_version=&#8221;3.25.4&#8243; custom_margin=&#8221;40px||40px&#8221; global_colors_info=&#8221;{}&#8221;][\/et_pb_divider][\/et_pb_column][\/et_pb_row][et_pb_row _builder_version=&#8221;3.25.4&#8243; global_colors_info=&#8221;{}&#8221;][et_pb_column type=&#8221;4_4&#8243; _builder_version=&#8221;3.25.4&#8243; global_colors_info=&#8221;{}&#8221;][et_pb_text _builder_version=&#8221;4.10.8&#8243; global_colors_info=&#8221;{}&#8221;]<\/p>\n<p>Aix\u00ed doncs, procedim a ensenyar-te i explicar-te una mica en qu\u00e8 consistiran aquests 4 dies de Sant Poll\u00edn. El que has de tenir clar \u00e9s que <strong>aquests dies estaran plens de gent, festa, bon rotllo i de molta escuma!<\/strong> Tamb\u00e9 val a dir que des del primer dia comen\u00e7ar\u00e0, paral\u00b7lelament al Txupinazo, la IV Ruta del pintxo de Sant Poll\u00edn. <strong>Veiem a continuaci\u00f3 part de la programaci\u00f3 de les festes<\/strong> (podeu veure la programaci\u00f3 en detall a la <a href=\"http:\/\/www.colladediablesdelprat.cat\/index.php\/2019\/06\/06\/xi-sant-pollin-2019\/\">web oficial de la colla dels diables del Prat de Llobregat<\/a>):<\/p>\n<p>[\/et_pb_text][et_pb_image src=&#8221;https:\/\/albergueesplaibarcelona.com\/wp-content\/uploads\/2019\/07\/horaris_santpollin2022.jpg&#8221; alt=&#8221;Horaris Sant Poll\u00edn 2022&#8243; title_text=&#8221;Horaris Sant Poll\u00edn 2022&#8243; _builder_version=&#8221;4.10.8&#8243; width=&#8221;70%&#8221; custom_margin=&#8221;40px||&#8221; global_colors_info=&#8221;{}&#8221;][\/et_pb_image][et_pb_divider _builder_version=&#8221;3.25.4&#8243; custom_margin=&#8221;40px||40px&#8221; global_colors_info=&#8221;{}&#8221;][\/et_pb_divider][\/et_pb_column][\/et_pb_row][et_pb_row _builder_version=&#8221;3.25.4&#8243; global_colors_info=&#8221;{}&#8221;][et_pb_column type=&#8221;4_4&#8243; _builder_version=&#8221;3.25.4&#8243; global_colors_info=&#8221;{}&#8221;][et_pb_image src=&#8221;https:\/\/albergueesplaibarcelona.com\/wp-content\/uploads\/2019\/07\/foto2santpollin.jpg&#8221; _builder_version=&#8221;3.25.4&#8243; custom_margin=&#8221;||40px&#8221; global_colors_info=&#8221;{}&#8221;][\/et_pb_image][et_pb_text _builder_version=&#8221;4.10.8&#8243; global_colors_info=&#8221;{}&#8221;]<\/p>\n<p>T\u00e9 bona pinta aquesta festa, oi? Nosaltres, des de l&#8217;<a href=\"https:\/\/albergueesplaibarcelona.com\/ca\/\">Alberg Centre Esplai<\/a>, tenim molt\u00edssimes ganes que sigui dem\u00e0 per poder gaudir de totes les activitats que ofereixen! <strong>Prepara un &#8220;pa\u00f1uelico&#8221; vermell, una samarreta blanca, paper de diari i moltes ganes de passar-ho en gran!<\/strong>\u00a0I, sobretot, <strong>no t&#8217;oblidis de posar en pr\u00e0ctica la Ruta de pintxos de Sant Poll\u00edn, que t&#8217;ajudar\u00e0 a recuperar forces!<\/strong><\/p>\n<p>[\/et_pb_text][\/et_pb_column][\/et_pb_row][\/et_pb_section]<\/p>\n","protected":false},"excerpt":{"rendered":"<p>Si no has tingut temps per acudir als San Fermines de Pamplona, avui et portem l&#8217;alternativa m\u00e9s divertida i millor parodiada d&#8217;aquesta festivitat! T&#8217;estem parlant d&#8217;una festa popular que se celebra al Prat de Llobregat a mitjans del mes de juliol anomenada Sant Poll\u00edn. Aquesta comen\u00e7a dem\u00e0 dia 7 i t\u00e9 una duraci\u00f3 de 3 [&hellip;]<\/p>\n","protected":false},"author":6,"featured_media":14436,"comment_status":"open","ping_status":"open","sticky":false,"template":"","format":"standard","meta":{"_et_pb_use_builder":"on","_et_pb_old_content":"","_et_gb_content_width":"","footnotes":""},"categories":[7,33],"tags":[],"class_list":["post-5415","post","type-post","status-publish","format-standard","has-post-thumbnail","hentry","category-actualitat-a-lalberg","category-que_fer"],"yoast_head":"<!-- This site is optimized with the Yoast SEO plugin v27.5 - https:\/\/yoast.com\/product\/yoast-seo-wordpress\/ -->\n<title>Sant Poll\u00edn 2022 al Prat de Llobregat - Alberg Centre Esplai<\/title>\n<meta name=\"description\" content=\"Celebra aquestes festes tan populars del Prat de Llobregat! Gaudeix dels &quot;encierros&quot;, les tapes i totes les activitats de Sant Poll\u00edn 2019.\" \/>\n<meta name=\"robots\" content=\"index, follow, max-snippet:-1, max-image-preview:large, max-video-preview:-1\" \/>\n<link rel=\"canonical\" href=\"https:\/\/albergueesplaibarcelona.com\/ca\/blog-ca\/actualitat-a-lalberg\/sant-pollin-2022-al-prat-de-llobregat\/\" \/>\n<meta property=\"og:locale\" content=\"ca_ES\" \/>\n<meta property=\"og:type\" content=\"article\" \/>\n<meta property=\"og:title\" content=\"Sant Poll\u00edn 2022 al Prat de Llobregat - Alberg Centre Esplai\" \/>\n<meta property=\"og:description\" content=\"Celebra aquestes festes tan populars del Prat de Llobregat! Gaudeix dels &quot;encierros&quot;, les tapes i totes les activitats de Sant Poll\u00edn 2019.\" \/>\n<meta property=\"og:url\" content=\"https:\/\/albergueesplaibarcelona.com\/ca\/blog-ca\/actualitat-a-lalberg\/sant-pollin-2022-al-prat-de-llobregat\/\" \/>\n<meta property=\"og:site_name\" content=\"Alberg Centre Esplai\" \/>\n<meta property=\"article:published_time\" content=\"2022-07-06T12:28:30+00:00\" \/>\n<meta property=\"article:modified_time\" content=\"2022-07-20T09:02:10+00:00\" \/>\n<meta property=\"og:image\" content=\"https:\/\/albergueesplaibarcelona.com\/wp-content\/uploads\/2022\/07\/Nuevo-proyecto-11.jpg\" \/>\n\t<meta property=\"og:image:width\" content=\"1888\" \/>\n\t<meta property=\"og:image:height\" content=\"900\" \/>\n\t<meta property=\"og:image:type\" content=\"image\/jpeg\" \/>\n<meta name=\"author\" content=\"Cristina Espinosa Colom\u00e9\" \/>\n<meta name=\"twitter:card\" content=\"summary_large_image\" \/>\n<meta name=\"twitter:label1\" content=\"Escrit per\" \/>\n\t<meta name=\"twitter:data1\" content=\"Cristina Espinosa Colom\u00e9\" \/>\n\t<meta name=\"twitter:label2\" content=\"Temps estimat de lectura\" \/>\n\t<meta name=\"twitter:data2\" content=\"3 minuts\" \/>\n<script type=\"application\/ld+json\" class=\"yoast-schema-graph\">{\"@context\":\"https:\\\/\\\/schema.org\",\"@graph\":[{\"@type\":\"Article\",\"@id\":\"https:\\\/\\\/albergueesplaibarcelona.com\\\/ca\\\/blog-ca\\\/actualitat-a-lalberg\\\/sant-pollin-2022-al-prat-de-llobregat\\\/#article\",\"isPartOf\":{\"@id\":\"https:\\\/\\\/albergueesplaibarcelona.com\\\/ca\\\/blog-ca\\\/actualitat-a-lalberg\\\/sant-pollin-2022-al-prat-de-llobregat\\\/\"},\"author\":{\"name\":\"Cristina Espinosa Colom\u00e9\",\"@id\":\"https:\\\/\\\/albergueesplaibarcelona.com\\\/ca\\\/#\\\/schema\\\/person\\\/207b9e504146116f51fecbd705c33396\"},\"headline\":\"Sant Poll\u00edn 2022 al Prat de Llobregat\",\"datePublished\":\"2022-07-06T12:28:30+00:00\",\"dateModified\":\"2022-07-20T09:02:10+00:00\",\"mainEntityOfPage\":{\"@id\":\"https:\\\/\\\/albergueesplaibarcelona.com\\\/ca\\\/blog-ca\\\/actualitat-a-lalberg\\\/sant-pollin-2022-al-prat-de-llobregat\\\/\"},\"wordCount\":632,\"commentCount\":0,\"publisher\":{\"@id\":\"https:\\\/\\\/albergueesplaibarcelona.com\\\/ca\\\/#organization\"},\"image\":{\"@id\":\"https:\\\/\\\/albergueesplaibarcelona.com\\\/ca\\\/blog-ca\\\/actualitat-a-lalberg\\\/sant-pollin-2022-al-prat-de-llobregat\\\/#primaryimage\"},\"thumbnailUrl\":\"https:\\\/\\\/albergueesplaibarcelona.com\\\/wp-content\\\/uploads\\\/2022\\\/07\\\/Nuevo-proyecto-11.jpg\",\"articleSection\":[\"Actualitat a l'Alberg\",\"Qu\u00e8 fer?\"],\"inLanguage\":\"ca\",\"potentialAction\":[{\"@type\":\"CommentAction\",\"name\":\"Comment\",\"target\":[\"https:\\\/\\\/albergueesplaibarcelona.com\\\/ca\\\/blog-ca\\\/actualitat-a-lalberg\\\/sant-pollin-2022-al-prat-de-llobregat\\\/#respond\"]}]},{\"@type\":\"WebPage\",\"@id\":\"https:\\\/\\\/albergueesplaibarcelona.com\\\/ca\\\/blog-ca\\\/actualitat-a-lalberg\\\/sant-pollin-2022-al-prat-de-llobregat\\\/\",\"url\":\"https:\\\/\\\/albergueesplaibarcelona.com\\\/ca\\\/blog-ca\\\/actualitat-a-lalberg\\\/sant-pollin-2022-al-prat-de-llobregat\\\/\",\"name\":\"Sant Poll\u00edn 2022 al Prat de Llobregat - Alberg Centre Esplai\",\"isPartOf\":{\"@id\":\"https:\\\/\\\/albergueesplaibarcelona.com\\\/ca\\\/#website\"},\"primaryImageOfPage\":{\"@id\":\"https:\\\/\\\/albergueesplaibarcelona.com\\\/ca\\\/blog-ca\\\/actualitat-a-lalberg\\\/sant-pollin-2022-al-prat-de-llobregat\\\/#primaryimage\"},\"image\":{\"@id\":\"https:\\\/\\\/albergueesplaibarcelona.com\\\/ca\\\/blog-ca\\\/actualitat-a-lalberg\\\/sant-pollin-2022-al-prat-de-llobregat\\\/#primaryimage\"},\"thumbnailUrl\":\"https:\\\/\\\/albergueesplaibarcelona.com\\\/wp-content\\\/uploads\\\/2022\\\/07\\\/Nuevo-proyecto-11.jpg\",\"datePublished\":\"2022-07-06T12:28:30+00:00\",\"dateModified\":\"2022-07-20T09:02:10+00:00\",\"description\":\"Celebra aquestes festes tan populars del Prat de Llobregat! Gaudeix dels \\\"encierros\\\", les tapes i totes les activitats de Sant Poll\u00edn 2019.\",\"breadcrumb\":{\"@id\":\"https:\\\/\\\/albergueesplaibarcelona.com\\\/ca\\\/blog-ca\\\/actualitat-a-lalberg\\\/sant-pollin-2022-al-prat-de-llobregat\\\/#breadcrumb\"},\"inLanguage\":\"ca\",\"potentialAction\":[{\"@type\":\"ReadAction\",\"target\":[\"https:\\\/\\\/albergueesplaibarcelona.com\\\/ca\\\/blog-ca\\\/actualitat-a-lalberg\\\/sant-pollin-2022-al-prat-de-llobregat\\\/\"]}]},{\"@type\":\"ImageObject\",\"inLanguage\":\"ca\",\"@id\":\"https:\\\/\\\/albergueesplaibarcelona.com\\\/ca\\\/blog-ca\\\/actualitat-a-lalberg\\\/sant-pollin-2022-al-prat-de-llobregat\\\/#primaryimage\",\"url\":\"https:\\\/\\\/albergueesplaibarcelona.com\\\/wp-content\\\/uploads\\\/2022\\\/07\\\/Nuevo-proyecto-11.jpg\",\"contentUrl\":\"https:\\\/\\\/albergueesplaibarcelona.com\\\/wp-content\\\/uploads\\\/2022\\\/07\\\/Nuevo-proyecto-11.jpg\",\"width\":1888,\"height\":900,\"caption\":\"Sant Poll\u00edn portada Fundesplai\"},{\"@type\":\"BreadcrumbList\",\"@id\":\"https:\\\/\\\/albergueesplaibarcelona.com\\\/ca\\\/blog-ca\\\/actualitat-a-lalberg\\\/sant-pollin-2022-al-prat-de-llobregat\\\/#breadcrumb\",\"itemListElement\":[{\"@type\":\"ListItem\",\"position\":1,\"name\":\"Inici\",\"item\":\"https:\\\/\\\/albergueesplaibarcelona.com\\\/ca\\\/el-albergue\\\/\"},{\"@type\":\"ListItem\",\"position\":2,\"name\":\"Blog\",\"item\":\"https:\\\/\\\/albergueesplaibarcelona.com\\\/ca\\\/blog-ca\\\/\"},{\"@type\":\"ListItem\",\"position\":3,\"name\":\"Actualitat a l'Alberg\",\"item\":\"https:\\\/\\\/albergueesplaibarcelona.com\\\/ca\\\/blog-ca\\\/actualitat-a-lalberg\\\/\"},{\"@type\":\"ListItem\",\"position\":4,\"name\":\"Sant Poll\u00edn 2022 al Prat de Llobregat\"}]},{\"@type\":\"WebSite\",\"@id\":\"https:\\\/\\\/albergueesplaibarcelona.com\\\/ca\\\/#website\",\"url\":\"https:\\\/\\\/albergueesplaibarcelona.com\\\/ca\\\/\",\"name\":\"Alberg Centre Esplai\",\"description\":\"Alberg\",\"publisher\":{\"@id\":\"https:\\\/\\\/albergueesplaibarcelona.com\\\/ca\\\/#organization\"},\"potentialAction\":[{\"@type\":\"SearchAction\",\"target\":{\"@type\":\"EntryPoint\",\"urlTemplate\":\"https:\\\/\\\/albergueesplaibarcelona.com\\\/ca\\\/?s={search_term_string}\"},\"query-input\":{\"@type\":\"PropertyValueSpecification\",\"valueRequired\":true,\"valueName\":\"search_term_string\"}}],\"inLanguage\":\"ca\"},{\"@type\":\"Organization\",\"@id\":\"https:\\\/\\\/albergueesplaibarcelona.com\\\/ca\\\/#organization\",\"name\":\"Albergue Centre Esplai\",\"url\":\"https:\\\/\\\/albergueesplaibarcelona.com\\\/ca\\\/\",\"logo\":{\"@type\":\"ImageObject\",\"inLanguage\":\"ca\",\"@id\":\"https:\\\/\\\/albergueesplaibarcelona.com\\\/ca\\\/#\\\/schema\\\/logo\\\/image\\\/\",\"url\":\"https:\\\/\\\/albergueesplaibarcelona.com\\\/wp-content\\\/uploads\\\/2020\\\/12\\\/logo_alberg_centre_esplai-e1608117409320.png\",\"contentUrl\":\"https:\\\/\\\/albergueesplaibarcelona.com\\\/wp-content\\\/uploads\\\/2020\\\/12\\\/logo_alberg_centre_esplai-e1608117409320.png\",\"width\":500,\"height\":241,\"caption\":\"Albergue Centre Esplai\"},\"image\":{\"@id\":\"https:\\\/\\\/albergueesplaibarcelona.com\\\/ca\\\/#\\\/schema\\\/logo\\\/image\\\/\"}},{\"@type\":\"Person\",\"@id\":\"https:\\\/\\\/albergueesplaibarcelona.com\\\/ca\\\/#\\\/schema\\\/person\\\/207b9e504146116f51fecbd705c33396\",\"name\":\"Cristina Espinosa Colom\u00e9\",\"image\":{\"@type\":\"ImageObject\",\"inLanguage\":\"ca\",\"@id\":\"https:\\\/\\\/secure.gravatar.com\\\/avatar\\\/5c055e483e79baf8f2898f968d705db458690241795f16b3e0ff8fd47bdac10e?s=96&d=mm&r=g\",\"url\":\"https:\\\/\\\/secure.gravatar.com\\\/avatar\\\/5c055e483e79baf8f2898f968d705db458690241795f16b3e0ff8fd47bdac10e?s=96&d=mm&r=g\",\"contentUrl\":\"https:\\\/\\\/secure.gravatar.com\\\/avatar\\\/5c055e483e79baf8f2898f968d705db458690241795f16b3e0ff8fd47bdac10e?s=96&d=mm&r=g\",\"caption\":\"Cristina Espinosa Colom\u00e9\"},\"url\":\"https:\\\/\\\/albergueesplaibarcelona.com\\\/ca\\\/author\\\/cespinosa\\\/\"}]}<\/script>\n<!-- \/ Yoast SEO plugin. -->","yoast_head_json":{"title":"Sant Poll\u00edn 2022 al Prat de Llobregat - Alberg Centre Esplai","description":"Celebra aquestes festes tan populars del Prat de Llobregat! Gaudeix dels \"encierros\", les tapes i totes les activitats de Sant Poll\u00edn 2019.","robots":{"index":"index","follow":"follow","max-snippet":"max-snippet:-1","max-image-preview":"max-image-preview:large","max-video-preview":"max-video-preview:-1"},"canonical":"https:\/\/albergueesplaibarcelona.com\/ca\/blog-ca\/actualitat-a-lalberg\/sant-pollin-2022-al-prat-de-llobregat\/","og_locale":"ca_ES","og_type":"article","og_title":"Sant Poll\u00edn 2022 al Prat de Llobregat - Alberg Centre Esplai","og_description":"Celebra aquestes festes tan populars del Prat de Llobregat! Gaudeix dels \"encierros\", les tapes i totes les activitats de Sant Poll\u00edn 2019.","og_url":"https:\/\/albergueesplaibarcelona.com\/ca\/blog-ca\/actualitat-a-lalberg\/sant-pollin-2022-al-prat-de-llobregat\/","og_site_name":"Alberg Centre Esplai","article_published_time":"2022-07-06T12:28:30+00:00","article_modified_time":"2022-07-20T09:02:10+00:00","og_image":[{"width":1888,"height":900,"url":"https:\/\/albergueesplaibarcelona.com\/wp-content\/uploads\/2022\/07\/Nuevo-proyecto-11.jpg","type":"image\/jpeg"}],"author":"Cristina Espinosa Colom\u00e9","twitter_card":"summary_large_image","twitter_misc":{"Escrit per":"Cristina Espinosa Colom\u00e9","Temps estimat de lectura":"3 minuts"},"schema":{"@context":"https:\/\/schema.org","@graph":[{"@type":"Article","@id":"https:\/\/albergueesplaibarcelona.com\/ca\/blog-ca\/actualitat-a-lalberg\/sant-pollin-2022-al-prat-de-llobregat\/#article","isPartOf":{"@id":"https:\/\/albergueesplaibarcelona.com\/ca\/blog-ca\/actualitat-a-lalberg\/sant-pollin-2022-al-prat-de-llobregat\/"},"author":{"name":"Cristina Espinosa Colom\u00e9","@id":"https:\/\/albergueesplaibarcelona.com\/ca\/#\/schema\/person\/207b9e504146116f51fecbd705c33396"},"headline":"Sant Poll\u00edn 2022 al Prat de Llobregat","datePublished":"2022-07-06T12:28:30+00:00","dateModified":"2022-07-20T09:02:10+00:00","mainEntityOfPage":{"@id":"https:\/\/albergueesplaibarcelona.com\/ca\/blog-ca\/actualitat-a-lalberg\/sant-pollin-2022-al-prat-de-llobregat\/"},"wordCount":632,"commentCount":0,"publisher":{"@id":"https:\/\/albergueesplaibarcelona.com\/ca\/#organization"},"image":{"@id":"https:\/\/albergueesplaibarcelona.com\/ca\/blog-ca\/actualitat-a-lalberg\/sant-pollin-2022-al-prat-de-llobregat\/#primaryimage"},"thumbnailUrl":"https:\/\/albergueesplaibarcelona.com\/wp-content\/uploads\/2022\/07\/Nuevo-proyecto-11.jpg","articleSection":["Actualitat a l'Alberg","Qu\u00e8 fer?"],"inLanguage":"ca","potentialAction":[{"@type":"CommentAction","name":"Comment","target":["https:\/\/albergueesplaibarcelona.com\/ca\/blog-ca\/actualitat-a-lalberg\/sant-pollin-2022-al-prat-de-llobregat\/#respond"]}]},{"@type":"WebPage","@id":"https:\/\/albergueesplaibarcelona.com\/ca\/blog-ca\/actualitat-a-lalberg\/sant-pollin-2022-al-prat-de-llobregat\/","url":"https:\/\/albergueesplaibarcelona.com\/ca\/blog-ca\/actualitat-a-lalberg\/sant-pollin-2022-al-prat-de-llobregat\/","name":"Sant Poll\u00edn 2022 al Prat de Llobregat - Alberg Centre Esplai","isPartOf":{"@id":"https:\/\/albergueesplaibarcelona.com\/ca\/#website"},"primaryImageOfPage":{"@id":"https:\/\/albergueesplaibarcelona.com\/ca\/blog-ca\/actualitat-a-lalberg\/sant-pollin-2022-al-prat-de-llobregat\/#primaryimage"},"image":{"@id":"https:\/\/albergueesplaibarcelona.com\/ca\/blog-ca\/actualitat-a-lalberg\/sant-pollin-2022-al-prat-de-llobregat\/#primaryimage"},"thumbnailUrl":"https:\/\/albergueesplaibarcelona.com\/wp-content\/uploads\/2022\/07\/Nuevo-proyecto-11.jpg","datePublished":"2022-07-06T12:28:30+00:00","dateModified":"2022-07-20T09:02:10+00:00","description":"Celebra aquestes festes tan populars del Prat de Llobregat! Gaudeix dels \"encierros\", les tapes i totes les activitats de Sant Poll\u00edn 2019.","breadcrumb":{"@id":"https:\/\/albergueesplaibarcelona.com\/ca\/blog-ca\/actualitat-a-lalberg\/sant-pollin-2022-al-prat-de-llobregat\/#breadcrumb"},"inLanguage":"ca","potentialAction":[{"@type":"ReadAction","target":["https:\/\/albergueesplaibarcelona.com\/ca\/blog-ca\/actualitat-a-lalberg\/sant-pollin-2022-al-prat-de-llobregat\/"]}]},{"@type":"ImageObject","inLanguage":"ca","@id":"https:\/\/albergueesplaibarcelona.com\/ca\/blog-ca\/actualitat-a-lalberg\/sant-pollin-2022-al-prat-de-llobregat\/#primaryimage","url":"https:\/\/albergueesplaibarcelona.com\/wp-content\/uploads\/2022\/07\/Nuevo-proyecto-11.jpg","contentUrl":"https:\/\/albergueesplaibarcelona.com\/wp-content\/uploads\/2022\/07\/Nuevo-proyecto-11.jpg","width":1888,"height":900,"caption":"Sant Poll\u00edn portada Fundesplai"},{"@type":"BreadcrumbList","@id":"https:\/\/albergueesplaibarcelona.com\/ca\/blog-ca\/actualitat-a-lalberg\/sant-pollin-2022-al-prat-de-llobregat\/#breadcrumb","itemListElement":[{"@type":"ListItem","position":1,"name":"Inici","item":"https:\/\/albergueesplaibarcelona.com\/ca\/el-albergue\/"},{"@type":"ListItem","position":2,"name":"Blog","item":"https:\/\/albergueesplaibarcelona.com\/ca\/blog-ca\/"},{"@type":"ListItem","position":3,"name":"Actualitat a l'Alberg","item":"https:\/\/albergueesplaibarcelona.com\/ca\/blog-ca\/actualitat-a-lalberg\/"},{"@type":"ListItem","position":4,"name":"Sant Poll\u00edn 2022 al Prat de Llobregat"}]},{"@type":"WebSite","@id":"https:\/\/albergueesplaibarcelona.com\/ca\/#website","url":"https:\/\/albergueesplaibarcelona.com\/ca\/","name":"Alberg Centre Esplai","description":"Alberg","publisher":{"@id":"https:\/\/albergueesplaibarcelona.com\/ca\/#organization"},"potentialAction":[{"@type":"SearchAction","target":{"@type":"EntryPoint","urlTemplate":"https:\/\/albergueesplaibarcelona.com\/ca\/?s={search_term_string}"},"query-input":{"@type":"PropertyValueSpecification","valueRequired":true,"valueName":"search_term_string"}}],"inLanguage":"ca"},{"@type":"Organization","@id":"https:\/\/albergueesplaibarcelona.com\/ca\/#organization","name":"Albergue Centre Esplai","url":"https:\/\/albergueesplaibarcelona.com\/ca\/","logo":{"@type":"ImageObject","inLanguage":"ca","@id":"https:\/\/albergueesplaibarcelona.com\/ca\/#\/schema\/logo\/image\/","url":"https:\/\/albergueesplaibarcelona.com\/wp-content\/uploads\/2020\/12\/logo_alberg_centre_esplai-e1608117409320.png","contentUrl":"https:\/\/albergueesplaibarcelona.com\/wp-content\/uploads\/2020\/12\/logo_alberg_centre_esplai-e1608117409320.png","width":500,"height":241,"caption":"Albergue Centre Esplai"},"image":{"@id":"https:\/\/albergueesplaibarcelona.com\/ca\/#\/schema\/logo\/image\/"}},{"@type":"Person","@id":"https:\/\/albergueesplaibarcelona.com\/ca\/#\/schema\/person\/207b9e504146116f51fecbd705c33396","name":"Cristina Espinosa Colom\u00e9","image":{"@type":"ImageObject","inLanguage":"ca","@id":"https:\/\/secure.gravatar.com\/avatar\/5c055e483e79baf8f2898f968d705db458690241795f16b3e0ff8fd47bdac10e?s=96&d=mm&r=g","url":"https:\/\/secure.gravatar.com\/avatar\/5c055e483e79baf8f2898f968d705db458690241795f16b3e0ff8fd47bdac10e?s=96&d=mm&r=g","contentUrl":"https:\/\/secure.gravatar.com\/avatar\/5c055e483e79baf8f2898f968d705db458690241795f16b3e0ff8fd47bdac10e?s=96&d=mm&r=g","caption":"Cristina Espinosa Colom\u00e9"},"url":"https:\/\/albergueesplaibarcelona.com\/ca\/author\/cespinosa\/"}]}},"_links":{"self":[{"href":"https:\/\/albergueesplaibarcelona.com\/ca\/wp-json\/wp\/v2\/posts\/5415","targetHints":{"allow":["GET"]}}],"collection":[{"href":"https:\/\/albergueesplaibarcelona.com\/ca\/wp-json\/wp\/v2\/posts"}],"about":[{"href":"https:\/\/albergueesplaibarcelona.com\/ca\/wp-json\/wp\/v2\/types\/post"}],"author":[{"embeddable":true,"href":"https:\/\/albergueesplaibarcelona.com\/ca\/wp-json\/wp\/v2\/users\/6"}],"replies":[{"embeddable":true,"href":"https:\/\/albergueesplaibarcelona.com\/ca\/wp-json\/wp\/v2\/comments?post=5415"}],"version-history":[{"count":45,"href":"https:\/\/albergueesplaibarcelona.com\/ca\/wp-json\/wp\/v2\/posts\/5415\/revisions"}],"predecessor-version":[{"id":14432,"href":"https:\/\/albergueesplaibarcelona.com\/ca\/wp-json\/wp\/v2\/posts\/5415\/revisions\/14432"}],"wp:featuredmedia":[{"embeddable":true,"href":"https:\/\/albergueesplaibarcelona.com\/ca\/wp-json\/wp\/v2\/media\/14436"}],"wp:attachment":[{"href":"https:\/\/albergueesplaibarcelona.com\/ca\/wp-json\/wp\/v2\/media?parent=5415"}],"wp:term":[{"taxonomy":"category","embeddable":true,"href":"https:\/\/albergueesplaibarcelona.com\/ca\/wp-json\/wp\/v2\/categories?post=5415"},{"taxonomy":"post_tag","embeddable":true,"href":"https:\/\/albergueesplaibarcelona.com\/ca\/wp-json\/wp\/v2\/tags?post=5415"}],"curies":[{"name":"wp","href":"https:\/\/api.w.org\/{rel}","templated":true}]}}