{"id":5846,"date":"2019-07-31T12:34:08","date_gmt":"2019-07-31T10:34:08","guid":{"rendered":"https:\/\/albergueesplaibarcelona.com\/?p=5846"},"modified":"2023-01-13T09:45:38","modified_gmt":"2023-01-13T08:45:38","slug":"que-son-els-tubs-solars-i-com-funcionen-a-lalberg","status":"publish","type":"post","link":"https:\/\/albergueesplaibarcelona.com\/ca\/blog-ca\/actualitat-a-lalberg\/que-son-els-tubs-solars-i-com-funcionen-a-lalberg\/","title":{"rendered":"Qu\u00e8 s\u00f3n els tubs solars i com funcionen a l&#8217;Alberg?"},"content":{"rendered":"<p>[et_pb_section fb_built=&#8221;1&#8243; admin_label=&#8221;section&#8221; _builder_version=&#8221;3.22.3&#8243;][et_pb_row admin_label=&#8221;row&#8221; _builder_version=&#8221;3.25&#8243; background_size=&#8221;initial&#8221; background_position=&#8221;top_left&#8221; background_repeat=&#8221;repeat&#8221;][et_pb_column type=&#8221;4_4&#8243; _builder_version=&#8221;3.25&#8243; custom_padding=&#8221;|||&#8221; custom_padding__hover=&#8221;|||&#8221;][et_pb_text _builder_version=&#8221;3.25.4&#8243;]<\/p>\n<p>Fa poquet parl\u00e0vem de <strong>la import\u00e0ncia que tenen les energies renovables a l&#8217;<a href=\"https:\/\/albergueesplaibarcelona.com\/ca\/\">Alberg Centre Esplai<\/a><\/strong> amb l&#8217;entrada on explic\u00e0vem el <a href=\"https:\/\/albergueesplaibarcelona.com\/ca\/blog-ca\/actualitat-a-lalberg\/test\/\">funcionament de les plaques solars<\/a> que tenim al terrat d&#8217;aquest. Aix\u00f2 no obstant, no \u00e9s l&#8217;\u00fanic element imperant en aquest espai, sin\u00f3 que tamb\u00e9 <strong>hi ha una altra eina renovable de la qual no hav\u00edem parlat fins ara i que \u00e9s igual d&#8217;important per al funcionament responsable i eficient de l&#8217;alberg: els tubs solars!<\/strong><\/p>\n<p>El tub solar \u00e9s un conducte que permet la il\u00b7luminaci\u00f3 d&#8217;espais interiors amb la llum del sol que hi ha a l&#8217;exterior. <strong>\u00c9s un sistema<\/strong> relativament senzill <strong>que permet il\u00b7luminar espais que abans no tenien llum<\/strong>, o b\u00e9 perqu\u00e8 no hi ha suficients finestres, o b\u00e9 perqu\u00e8 nom\u00e9s t\u00e9 il\u00b7luminaci\u00f3 artificial. Els avantatges dels tubs solars \u00e9s que <strong>s\u00f3n 100% sostenibles amb l&#8217;energia solar com a \u00fanica font per al seu funcionament, no requereixen endolls, la instal\u00b7laci\u00f3 no \u00e9s gaire complexa i no provoquen un gran impacte visual<\/strong>.<\/p>\n<p>[\/et_pb_text][et_pb_divider _builder_version=&#8221;3.25.4&#8243; custom_margin=&#8221;40px||40px&#8221;][\/et_pb_divider][\/et_pb_column][\/et_pb_row][et_pb_row _builder_version=&#8221;3.25.4&#8243;][et_pb_column type=&#8221;4_4&#8243; _builder_version=&#8221;3.25.4&#8243;][et_pb_text _builder_version=&#8221;3.25.4&#8243;]<\/p>\n<ul>\n<li>\n<h3>Funcionament dels Tubs Solars de l&#8217;Alberg<\/h3>\n<\/li>\n<\/ul>\n<p>[\/et_pb_text][et_pb_image src=&#8221;https:\/\/albergueesplaibarcelona.com\/wp-content\/uploads\/2019\/07\/info_tub-1.jpg&#8221; _builder_version=&#8221;3.25.4&#8243; width=&#8221;45%&#8221; module_alignment=&#8221;center&#8221; custom_margin=&#8221;||40px&#8221;][\/et_pb_image][et_pb_text _builder_version=&#8221;3.25.4&#8243;]<\/p>\n<ol>\n<li><strong> C\u00fapula<\/strong>: La c\u00fapula o claraboia \u00e9s l&#8217;instrument que captura la llum del sol. T\u00e9 una forma rodona i <strong>s&#8217;ha de col\u00b7locar<\/strong> a la teulada o la fa\u00e7ana de l&#8217;edifici, <strong>a la zona on hi hagi m\u00e9s contacte amb la llum solar i s&#8217;hi trobin menys arbres i obstacles<\/strong> per a aquest objectiu final.<\/li>\n<\/ol>\n<p>&nbsp;<\/p>\n<ol start=\"2\">\n<li><strong> Captador<\/strong>: El captador \u00e9s l&#8217;eina que <strong>agafa tota la llum que ha captat la c\u00fapula anteriorment i la multiplica, de tal manera que tamb\u00e9 es pugui aprofitar la poca llum que podem tenir durant els dies m\u00e9s nuvolats<\/strong>. Aquest proc\u00e9s tamb\u00e9 ajuda a evitar la calor i el soroll.<\/li>\n<\/ol>\n<p>&nbsp;<\/p>\n<ol start=\"3\">\n<li><strong> Tub<\/strong>: El tub est\u00e0 fet d&#8217;alumini i l&#8217;interior est\u00e0 forrat de material reflectant, amb l&#8217;objectiu que <strong>pugui transportar la llum solar captada per la c\u00fapula amb la seguretat i garantia que no es perdr\u00e0 en el cam\u00ed<\/strong>. El tub pot tenir diverses formes: <strong>pot ser vertical, pot tenir corbes i canvi de direcci\u00f3<\/strong>. Per molt que canviem la forma d&#8217;aquest, la llum arribar\u00e0 fins al difusor en la seva totalitat.<\/li>\n<\/ol>\n<p>&nbsp;<\/p>\n<ol start=\"4\">\n<li><strong> Difusor<\/strong>: Es tracta d&#8217;un plaf\u00f3 que s&#8217;encarrega de <strong>projectar la llum, que ha passat per tots aquests processos, a l&#8217;interior de l&#8217;est\u00e0ncia<\/strong>. La llum solar arriba fins aqu\u00ed rebotant pel tub mencionat en el punt anterior. I la forma en qu\u00e8 queda reflectida \u00e9s difuminada i t\u00e8nue, sense crear ombres dures.<\/li>\n<\/ol>\n<p>[\/et_pb_text][et_pb_image src=&#8221;https:\/\/albergueesplaibarcelona.com\/wp-content\/uploads\/2019\/07\/img3.jpg&#8221; _builder_version=&#8221;3.25.4&#8243; custom_margin=&#8221;40px||&#8221;][\/et_pb_image][\/et_pb_column][\/et_pb_row][et_pb_row _builder_version=&#8221;3.25.4&#8243;][et_pb_column type=&#8221;4_4&#8243; _builder_version=&#8221;3.25.4&#8243;][et_pb_divider _builder_version=&#8221;3.25.4&#8243; custom_margin=&#8221;40px||40px&#8221;][\/et_pb_divider][et_pb_text _builder_version=&#8221;3.25.4&#8243;]<\/p>\n<p>Tal com ho veus! Els tubs solars tenen un funcionament molt simple i senzill. Ara que ja has apr\u00e8s com funcionen, <strong>segur que t&#8217;ho passes b\u00e9 trastejant amb el <a href=\"https:\/\/albergueesplaibarcelona.com\/ca\/el-albergue\/eco-alberg\/\">simulador d&#8217;emissions de l&#8217;Alberg Centre Esplai<\/a> i veient la implementaci\u00f3 d&#8217;aquest sistema en el nostre edifici!<\/strong><\/p>\n<p>[\/et_pb_text][\/et_pb_column][\/et_pb_row][\/et_pb_section]<\/p>\n","protected":false},"excerpt":{"rendered":"<p>Fa poquet parl\u00e0vem de la import\u00e0ncia que tenen les energies renovables a l&#8217;Alberg Centre Esplai amb l&#8217;entrada on explic\u00e0vem el funcionament de les plaques solars que tenim al terrat d&#8217;aquest. Aix\u00f2 no obstant, no \u00e9s l&#8217;\u00fanic element imperant en aquest espai, sin\u00f3 que tamb\u00e9 hi ha una altra eina renovable de la qual no hav\u00edem [&hellip;]<\/p>\n","protected":false},"author":6,"featured_media":5868,"comment_status":"open","ping_status":"open","sticky":false,"template":"","format":"standard","meta":{"_et_pb_use_builder":"on","_et_pb_old_content":"","_et_gb_content_width":"","footnotes":""},"categories":[7,134],"tags":[],"class_list":["post-5846","post","type-post","status-publish","format-standard","has-post-thumbnail","hentry","category-actualitat-a-lalberg","category-sostenibilitat-ca"],"yoast_head":"<!-- This site is optimized with the Yoast SEO plugin v27.5 - https:\/\/yoast.com\/product\/yoast-seo-wordpress\/ -->\n<title>Qu\u00e8 s\u00f3n els tubs solars i com funcionen a l&#039;Alberg? - Alberg Centre Esplai<\/title>\n<meta name=\"robots\" content=\"index, follow, max-snippet:-1, max-image-preview:large, max-video-preview:-1\" \/>\n<link rel=\"canonical\" href=\"https:\/\/albergueesplaibarcelona.com\/ca\/blog-ca\/actualitat-a-lalberg\/que-son-els-tubs-solars-i-com-funcionen-a-lalberg\/\" \/>\n<meta property=\"og:locale\" content=\"ca_ES\" \/>\n<meta property=\"og:type\" content=\"article\" \/>\n<meta property=\"og:title\" content=\"Qu\u00e8 s\u00f3n els tubs solars i com funcionen a l&#039;Alberg? - Alberg Centre Esplai\" \/>\n<meta property=\"og:description\" content=\"Fa poquet parl\u00e0vem de la import\u00e0ncia que tenen les energies renovables a l&#039;Alberg Centre Esplai amb l&#039;entrada on explic\u00e0vem el funcionament de les plaques solars que tenim al terrat d&#039;aquest. Aix\u00f2 no obstant, no \u00e9s l&#039;\u00fanic element imperant en aquest espai, sin\u00f3 que tamb\u00e9 hi ha una altra eina renovable de la qual no hav\u00edem [&hellip;]\" \/>\n<meta property=\"og:url\" content=\"https:\/\/albergueesplaibarcelona.com\/ca\/blog-ca\/actualitat-a-lalberg\/que-son-els-tubs-solars-i-com-funcionen-a-lalberg\/\" \/>\n<meta property=\"og:site_name\" content=\"Alberg Centre Esplai\" \/>\n<meta property=\"article:published_time\" content=\"2019-07-31T10:34:08+00:00\" \/>\n<meta property=\"article:modified_time\" content=\"2023-01-13T08:45:38+00:00\" \/>\n<meta property=\"og:image\" content=\"https:\/\/albergueesplaibarcelona.com\/wp-content\/uploads\/2019\/07\/2portada.jpg\" \/>\n\t<meta property=\"og:image:width\" content=\"2048\" \/>\n\t<meta property=\"og:image:height\" content=\"1153\" \/>\n\t<meta property=\"og:image:type\" content=\"image\/jpeg\" \/>\n<meta name=\"author\" content=\"Cristina Espinosa Colom\u00e9\" \/>\n<meta name=\"twitter:card\" content=\"summary_large_image\" \/>\n<meta name=\"twitter:label1\" content=\"Escrit per\" \/>\n\t<meta name=\"twitter:data1\" content=\"Cristina Espinosa Colom\u00e9\" \/>\n\t<meta name=\"twitter:label2\" content=\"Temps estimat de lectura\" \/>\n\t<meta name=\"twitter:data2\" content=\"3 minuts\" \/>\n<script type=\"application\/ld+json\" class=\"yoast-schema-graph\">{\"@context\":\"https:\\\/\\\/schema.org\",\"@graph\":[{\"@type\":\"Article\",\"@id\":\"https:\\\/\\\/albergueesplaibarcelona.com\\\/ca\\\/blog-ca\\\/actualitat-a-lalberg\\\/que-son-els-tubs-solars-i-com-funcionen-a-lalberg\\\/#article\",\"isPartOf\":{\"@id\":\"https:\\\/\\\/albergueesplaibarcelona.com\\\/ca\\\/blog-ca\\\/actualitat-a-lalberg\\\/que-son-els-tubs-solars-i-com-funcionen-a-lalberg\\\/\"},\"author\":{\"name\":\"Cristina Espinosa Colom\u00e9\",\"@id\":\"https:\\\/\\\/albergueesplaibarcelona.com\\\/ca\\\/#\\\/schema\\\/person\\\/207b9e504146116f51fecbd705c33396\"},\"headline\":\"Qu\u00e8 s\u00f3n els tubs solars i com funcionen a l&#8217;Alberg?\",\"datePublished\":\"2019-07-31T10:34:08+00:00\",\"dateModified\":\"2023-01-13T08:45:38+00:00\",\"mainEntityOfPage\":{\"@id\":\"https:\\\/\\\/albergueesplaibarcelona.com\\\/ca\\\/blog-ca\\\/actualitat-a-lalberg\\\/que-son-els-tubs-solars-i-com-funcionen-a-lalberg\\\/\"},\"wordCount\":680,\"commentCount\":0,\"publisher\":{\"@id\":\"https:\\\/\\\/albergueesplaibarcelona.com\\\/ca\\\/#organization\"},\"image\":{\"@id\":\"https:\\\/\\\/albergueesplaibarcelona.com\\\/ca\\\/blog-ca\\\/actualitat-a-lalberg\\\/que-son-els-tubs-solars-i-com-funcionen-a-lalberg\\\/#primaryimage\"},\"thumbnailUrl\":\"https:\\\/\\\/albergueesplaibarcelona.com\\\/wp-content\\\/uploads\\\/2019\\\/07\\\/2portada.jpg\",\"articleSection\":[\"Actualitat a l'Alberg\",\"Sostenibilitat\"],\"inLanguage\":\"ca\",\"potentialAction\":[{\"@type\":\"CommentAction\",\"name\":\"Comment\",\"target\":[\"https:\\\/\\\/albergueesplaibarcelona.com\\\/ca\\\/blog-ca\\\/actualitat-a-lalberg\\\/que-son-els-tubs-solars-i-com-funcionen-a-lalberg\\\/#respond\"]}]},{\"@type\":\"WebPage\",\"@id\":\"https:\\\/\\\/albergueesplaibarcelona.com\\\/ca\\\/blog-ca\\\/actualitat-a-lalberg\\\/que-son-els-tubs-solars-i-com-funcionen-a-lalberg\\\/\",\"url\":\"https:\\\/\\\/albergueesplaibarcelona.com\\\/ca\\\/blog-ca\\\/actualitat-a-lalberg\\\/que-son-els-tubs-solars-i-com-funcionen-a-lalberg\\\/\",\"name\":\"Qu\u00e8 s\u00f3n els tubs solars i com funcionen a l'Alberg? - Alberg Centre Esplai\",\"isPartOf\":{\"@id\":\"https:\\\/\\\/albergueesplaibarcelona.com\\\/ca\\\/#website\"},\"primaryImageOfPage\":{\"@id\":\"https:\\\/\\\/albergueesplaibarcelona.com\\\/ca\\\/blog-ca\\\/actualitat-a-lalberg\\\/que-son-els-tubs-solars-i-com-funcionen-a-lalberg\\\/#primaryimage\"},\"image\":{\"@id\":\"https:\\\/\\\/albergueesplaibarcelona.com\\\/ca\\\/blog-ca\\\/actualitat-a-lalberg\\\/que-son-els-tubs-solars-i-com-funcionen-a-lalberg\\\/#primaryimage\"},\"thumbnailUrl\":\"https:\\\/\\\/albergueesplaibarcelona.com\\\/wp-content\\\/uploads\\\/2019\\\/07\\\/2portada.jpg\",\"datePublished\":\"2019-07-31T10:34:08+00:00\",\"dateModified\":\"2023-01-13T08:45:38+00:00\",\"breadcrumb\":{\"@id\":\"https:\\\/\\\/albergueesplaibarcelona.com\\\/ca\\\/blog-ca\\\/actualitat-a-lalberg\\\/que-son-els-tubs-solars-i-com-funcionen-a-lalberg\\\/#breadcrumb\"},\"inLanguage\":\"ca\",\"potentialAction\":[{\"@type\":\"ReadAction\",\"target\":[\"https:\\\/\\\/albergueesplaibarcelona.com\\\/ca\\\/blog-ca\\\/actualitat-a-lalberg\\\/que-son-els-tubs-solars-i-com-funcionen-a-lalberg\\\/\"]}]},{\"@type\":\"ImageObject\",\"inLanguage\":\"ca\",\"@id\":\"https:\\\/\\\/albergueesplaibarcelona.com\\\/ca\\\/blog-ca\\\/actualitat-a-lalberg\\\/que-son-els-tubs-solars-i-com-funcionen-a-lalberg\\\/#primaryimage\",\"url\":\"https:\\\/\\\/albergueesplaibarcelona.com\\\/wp-content\\\/uploads\\\/2019\\\/07\\\/2portada.jpg\",\"contentUrl\":\"https:\\\/\\\/albergueesplaibarcelona.com\\\/wp-content\\\/uploads\\\/2019\\\/07\\\/2portada.jpg\",\"width\":2048,\"height\":1153},{\"@type\":\"BreadcrumbList\",\"@id\":\"https:\\\/\\\/albergueesplaibarcelona.com\\\/ca\\\/blog-ca\\\/actualitat-a-lalberg\\\/que-son-els-tubs-solars-i-com-funcionen-a-lalberg\\\/#breadcrumb\",\"itemListElement\":[{\"@type\":\"ListItem\",\"position\":1,\"name\":\"Inici\",\"item\":\"https:\\\/\\\/albergueesplaibarcelona.com\\\/ca\\\/el-albergue\\\/\"},{\"@type\":\"ListItem\",\"position\":2,\"name\":\"Blog\",\"item\":\"https:\\\/\\\/albergueesplaibarcelona.com\\\/ca\\\/blog-ca\\\/\"},{\"@type\":\"ListItem\",\"position\":3,\"name\":\"Actualitat a l'Alberg\",\"item\":\"https:\\\/\\\/albergueesplaibarcelona.com\\\/ca\\\/blog-ca\\\/actualitat-a-lalberg\\\/\"},{\"@type\":\"ListItem\",\"position\":4,\"name\":\"Qu\u00e8 s\u00f3n els tubs solars i com funcionen a l&#8217;Alberg?\"}]},{\"@type\":\"WebSite\",\"@id\":\"https:\\\/\\\/albergueesplaibarcelona.com\\\/ca\\\/#website\",\"url\":\"https:\\\/\\\/albergueesplaibarcelona.com\\\/ca\\\/\",\"name\":\"Alberg Centre Esplai\",\"description\":\"Alberg\",\"publisher\":{\"@id\":\"https:\\\/\\\/albergueesplaibarcelona.com\\\/ca\\\/#organization\"},\"potentialAction\":[{\"@type\":\"SearchAction\",\"target\":{\"@type\":\"EntryPoint\",\"urlTemplate\":\"https:\\\/\\\/albergueesplaibarcelona.com\\\/ca\\\/?s={search_term_string}\"},\"query-input\":{\"@type\":\"PropertyValueSpecification\",\"valueRequired\":true,\"valueName\":\"search_term_string\"}}],\"inLanguage\":\"ca\"},{\"@type\":\"Organization\",\"@id\":\"https:\\\/\\\/albergueesplaibarcelona.com\\\/ca\\\/#organization\",\"name\":\"Albergue Centre Esplai\",\"url\":\"https:\\\/\\\/albergueesplaibarcelona.com\\\/ca\\\/\",\"logo\":{\"@type\":\"ImageObject\",\"inLanguage\":\"ca\",\"@id\":\"https:\\\/\\\/albergueesplaibarcelona.com\\\/ca\\\/#\\\/schema\\\/logo\\\/image\\\/\",\"url\":\"https:\\\/\\\/albergueesplaibarcelona.com\\\/wp-content\\\/uploads\\\/2020\\\/12\\\/logo_alberg_centre_esplai-e1608117409320.png\",\"contentUrl\":\"https:\\\/\\\/albergueesplaibarcelona.com\\\/wp-content\\\/uploads\\\/2020\\\/12\\\/logo_alberg_centre_esplai-e1608117409320.png\",\"width\":500,\"height\":241,\"caption\":\"Albergue Centre Esplai\"},\"image\":{\"@id\":\"https:\\\/\\\/albergueesplaibarcelona.com\\\/ca\\\/#\\\/schema\\\/logo\\\/image\\\/\"}},{\"@type\":\"Person\",\"@id\":\"https:\\\/\\\/albergueesplaibarcelona.com\\\/ca\\\/#\\\/schema\\\/person\\\/207b9e504146116f51fecbd705c33396\",\"name\":\"Cristina Espinosa Colom\u00e9\",\"image\":{\"@type\":\"ImageObject\",\"inLanguage\":\"ca\",\"@id\":\"https:\\\/\\\/secure.gravatar.com\\\/avatar\\\/5c055e483e79baf8f2898f968d705db458690241795f16b3e0ff8fd47bdac10e?s=96&d=mm&r=g\",\"url\":\"https:\\\/\\\/secure.gravatar.com\\\/avatar\\\/5c055e483e79baf8f2898f968d705db458690241795f16b3e0ff8fd47bdac10e?s=96&d=mm&r=g\",\"contentUrl\":\"https:\\\/\\\/secure.gravatar.com\\\/avatar\\\/5c055e483e79baf8f2898f968d705db458690241795f16b3e0ff8fd47bdac10e?s=96&d=mm&r=g\",\"caption\":\"Cristina Espinosa Colom\u00e9\"},\"url\":\"https:\\\/\\\/albergueesplaibarcelona.com\\\/ca\\\/author\\\/cespinosa\\\/\"}]}<\/script>\n<!-- \/ Yoast SEO plugin. -->","yoast_head_json":{"title":"Qu\u00e8 s\u00f3n els tubs solars i com funcionen a l'Alberg? - Alberg Centre Esplai","robots":{"index":"index","follow":"follow","max-snippet":"max-snippet:-1","max-image-preview":"max-image-preview:large","max-video-preview":"max-video-preview:-1"},"canonical":"https:\/\/albergueesplaibarcelona.com\/ca\/blog-ca\/actualitat-a-lalberg\/que-son-els-tubs-solars-i-com-funcionen-a-lalberg\/","og_locale":"ca_ES","og_type":"article","og_title":"Qu\u00e8 s\u00f3n els tubs solars i com funcionen a l'Alberg? - Alberg Centre Esplai","og_description":"Fa poquet parl\u00e0vem de la import\u00e0ncia que tenen les energies renovables a l'Alberg Centre Esplai amb l'entrada on explic\u00e0vem el funcionament de les plaques solars que tenim al terrat d'aquest. Aix\u00f2 no obstant, no \u00e9s l'\u00fanic element imperant en aquest espai, sin\u00f3 que tamb\u00e9 hi ha una altra eina renovable de la qual no hav\u00edem [&hellip;]","og_url":"https:\/\/albergueesplaibarcelona.com\/ca\/blog-ca\/actualitat-a-lalberg\/que-son-els-tubs-solars-i-com-funcionen-a-lalberg\/","og_site_name":"Alberg Centre Esplai","article_published_time":"2019-07-31T10:34:08+00:00","article_modified_time":"2023-01-13T08:45:38+00:00","og_image":[{"width":2048,"height":1153,"url":"https:\/\/albergueesplaibarcelona.com\/wp-content\/uploads\/2019\/07\/2portada.jpg","type":"image\/jpeg"}],"author":"Cristina Espinosa Colom\u00e9","twitter_card":"summary_large_image","twitter_misc":{"Escrit per":"Cristina Espinosa Colom\u00e9","Temps estimat de lectura":"3 minuts"},"schema":{"@context":"https:\/\/schema.org","@graph":[{"@type":"Article","@id":"https:\/\/albergueesplaibarcelona.com\/ca\/blog-ca\/actualitat-a-lalberg\/que-son-els-tubs-solars-i-com-funcionen-a-lalberg\/#article","isPartOf":{"@id":"https:\/\/albergueesplaibarcelona.com\/ca\/blog-ca\/actualitat-a-lalberg\/que-son-els-tubs-solars-i-com-funcionen-a-lalberg\/"},"author":{"name":"Cristina Espinosa Colom\u00e9","@id":"https:\/\/albergueesplaibarcelona.com\/ca\/#\/schema\/person\/207b9e504146116f51fecbd705c33396"},"headline":"Qu\u00e8 s\u00f3n els tubs solars i com funcionen a l&#8217;Alberg?","datePublished":"2019-07-31T10:34:08+00:00","dateModified":"2023-01-13T08:45:38+00:00","mainEntityOfPage":{"@id":"https:\/\/albergueesplaibarcelona.com\/ca\/blog-ca\/actualitat-a-lalberg\/que-son-els-tubs-solars-i-com-funcionen-a-lalberg\/"},"wordCount":680,"commentCount":0,"publisher":{"@id":"https:\/\/albergueesplaibarcelona.com\/ca\/#organization"},"image":{"@id":"https:\/\/albergueesplaibarcelona.com\/ca\/blog-ca\/actualitat-a-lalberg\/que-son-els-tubs-solars-i-com-funcionen-a-lalberg\/#primaryimage"},"thumbnailUrl":"https:\/\/albergueesplaibarcelona.com\/wp-content\/uploads\/2019\/07\/2portada.jpg","articleSection":["Actualitat a l'Alberg","Sostenibilitat"],"inLanguage":"ca","potentialAction":[{"@type":"CommentAction","name":"Comment","target":["https:\/\/albergueesplaibarcelona.com\/ca\/blog-ca\/actualitat-a-lalberg\/que-son-els-tubs-solars-i-com-funcionen-a-lalberg\/#respond"]}]},{"@type":"WebPage","@id":"https:\/\/albergueesplaibarcelona.com\/ca\/blog-ca\/actualitat-a-lalberg\/que-son-els-tubs-solars-i-com-funcionen-a-lalberg\/","url":"https:\/\/albergueesplaibarcelona.com\/ca\/blog-ca\/actualitat-a-lalberg\/que-son-els-tubs-solars-i-com-funcionen-a-lalberg\/","name":"Qu\u00e8 s\u00f3n els tubs solars i com funcionen a l'Alberg? - Alberg Centre Esplai","isPartOf":{"@id":"https:\/\/albergueesplaibarcelona.com\/ca\/#website"},"primaryImageOfPage":{"@id":"https:\/\/albergueesplaibarcelona.com\/ca\/blog-ca\/actualitat-a-lalberg\/que-son-els-tubs-solars-i-com-funcionen-a-lalberg\/#primaryimage"},"image":{"@id":"https:\/\/albergueesplaibarcelona.com\/ca\/blog-ca\/actualitat-a-lalberg\/que-son-els-tubs-solars-i-com-funcionen-a-lalberg\/#primaryimage"},"thumbnailUrl":"https:\/\/albergueesplaibarcelona.com\/wp-content\/uploads\/2019\/07\/2portada.jpg","datePublished":"2019-07-31T10:34:08+00:00","dateModified":"2023-01-13T08:45:38+00:00","breadcrumb":{"@id":"https:\/\/albergueesplaibarcelona.com\/ca\/blog-ca\/actualitat-a-lalberg\/que-son-els-tubs-solars-i-com-funcionen-a-lalberg\/#breadcrumb"},"inLanguage":"ca","potentialAction":[{"@type":"ReadAction","target":["https:\/\/albergueesplaibarcelona.com\/ca\/blog-ca\/actualitat-a-lalberg\/que-son-els-tubs-solars-i-com-funcionen-a-lalberg\/"]}]},{"@type":"ImageObject","inLanguage":"ca","@id":"https:\/\/albergueesplaibarcelona.com\/ca\/blog-ca\/actualitat-a-lalberg\/que-son-els-tubs-solars-i-com-funcionen-a-lalberg\/#primaryimage","url":"https:\/\/albergueesplaibarcelona.com\/wp-content\/uploads\/2019\/07\/2portada.jpg","contentUrl":"https:\/\/albergueesplaibarcelona.com\/wp-content\/uploads\/2019\/07\/2portada.jpg","width":2048,"height":1153},{"@type":"BreadcrumbList","@id":"https:\/\/albergueesplaibarcelona.com\/ca\/blog-ca\/actualitat-a-lalberg\/que-son-els-tubs-solars-i-com-funcionen-a-lalberg\/#breadcrumb","itemListElement":[{"@type":"ListItem","position":1,"name":"Inici","item":"https:\/\/albergueesplaibarcelona.com\/ca\/el-albergue\/"},{"@type":"ListItem","position":2,"name":"Blog","item":"https:\/\/albergueesplaibarcelona.com\/ca\/blog-ca\/"},{"@type":"ListItem","position":3,"name":"Actualitat a l'Alberg","item":"https:\/\/albergueesplaibarcelona.com\/ca\/blog-ca\/actualitat-a-lalberg\/"},{"@type":"ListItem","position":4,"name":"Qu\u00e8 s\u00f3n els tubs solars i com funcionen a l&#8217;Alberg?"}]},{"@type":"WebSite","@id":"https:\/\/albergueesplaibarcelona.com\/ca\/#website","url":"https:\/\/albergueesplaibarcelona.com\/ca\/","name":"Alberg Centre Esplai","description":"Alberg","publisher":{"@id":"https:\/\/albergueesplaibarcelona.com\/ca\/#organization"},"potentialAction":[{"@type":"SearchAction","target":{"@type":"EntryPoint","urlTemplate":"https:\/\/albergueesplaibarcelona.com\/ca\/?s={search_term_string}"},"query-input":{"@type":"PropertyValueSpecification","valueRequired":true,"valueName":"search_term_string"}}],"inLanguage":"ca"},{"@type":"Organization","@id":"https:\/\/albergueesplaibarcelona.com\/ca\/#organization","name":"Albergue Centre Esplai","url":"https:\/\/albergueesplaibarcelona.com\/ca\/","logo":{"@type":"ImageObject","inLanguage":"ca","@id":"https:\/\/albergueesplaibarcelona.com\/ca\/#\/schema\/logo\/image\/","url":"https:\/\/albergueesplaibarcelona.com\/wp-content\/uploads\/2020\/12\/logo_alberg_centre_esplai-e1608117409320.png","contentUrl":"https:\/\/albergueesplaibarcelona.com\/wp-content\/uploads\/2020\/12\/logo_alberg_centre_esplai-e1608117409320.png","width":500,"height":241,"caption":"Albergue Centre Esplai"},"image":{"@id":"https:\/\/albergueesplaibarcelona.com\/ca\/#\/schema\/logo\/image\/"}},{"@type":"Person","@id":"https:\/\/albergueesplaibarcelona.com\/ca\/#\/schema\/person\/207b9e504146116f51fecbd705c33396","name":"Cristina Espinosa Colom\u00e9","image":{"@type":"ImageObject","inLanguage":"ca","@id":"https:\/\/secure.gravatar.com\/avatar\/5c055e483e79baf8f2898f968d705db458690241795f16b3e0ff8fd47bdac10e?s=96&d=mm&r=g","url":"https:\/\/secure.gravatar.com\/avatar\/5c055e483e79baf8f2898f968d705db458690241795f16b3e0ff8fd47bdac10e?s=96&d=mm&r=g","contentUrl":"https:\/\/secure.gravatar.com\/avatar\/5c055e483e79baf8f2898f968d705db458690241795f16b3e0ff8fd47bdac10e?s=96&d=mm&r=g","caption":"Cristina Espinosa Colom\u00e9"},"url":"https:\/\/albergueesplaibarcelona.com\/ca\/author\/cespinosa\/"}]}},"_links":{"self":[{"href":"https:\/\/albergueesplaibarcelona.com\/ca\/wp-json\/wp\/v2\/posts\/5846","targetHints":{"allow":["GET"]}}],"collection":[{"href":"https:\/\/albergueesplaibarcelona.com\/ca\/wp-json\/wp\/v2\/posts"}],"about":[{"href":"https:\/\/albergueesplaibarcelona.com\/ca\/wp-json\/wp\/v2\/types\/post"}],"author":[{"embeddable":true,"href":"https:\/\/albergueesplaibarcelona.com\/ca\/wp-json\/wp\/v2\/users\/6"}],"replies":[{"embeddable":true,"href":"https:\/\/albergueesplaibarcelona.com\/ca\/wp-json\/wp\/v2\/comments?post=5846"}],"version-history":[{"count":54,"href":"https:\/\/albergueesplaibarcelona.com\/ca\/wp-json\/wp\/v2\/posts\/5846\/revisions"}],"predecessor-version":[{"id":5965,"href":"https:\/\/albergueesplaibarcelona.com\/ca\/wp-json\/wp\/v2\/posts\/5846\/revisions\/5965"}],"wp:featuredmedia":[{"embeddable":true,"href":"https:\/\/albergueesplaibarcelona.com\/ca\/wp-json\/wp\/v2\/media\/5868"}],"wp:attachment":[{"href":"https:\/\/albergueesplaibarcelona.com\/ca\/wp-json\/wp\/v2\/media?parent=5846"}],"wp:term":[{"taxonomy":"category","embeddable":true,"href":"https:\/\/albergueesplaibarcelona.com\/ca\/wp-json\/wp\/v2\/categories?post=5846"},{"taxonomy":"post_tag","embeddable":true,"href":"https:\/\/albergueesplaibarcelona.com\/ca\/wp-json\/wp\/v2\/tags?post=5846"}],"curies":[{"name":"wp","href":"https:\/\/api.w.org\/{rel}","templated":true}]}}