{"id":7155,"date":"2019-12-11T16:31:31","date_gmt":"2019-12-11T15:31:31","guid":{"rendered":"https:\/\/albergueesplaibarcelona.com\/?p=7155"},"modified":"2025-06-25T11:30:17","modified_gmt":"2025-06-25T09:30:17","slug":"ocells-hivern-delta-llobregat","status":"publish","type":"post","link":"https:\/\/albergueesplaibarcelona.com\/ca\/blog-ca\/espais-naturals\/ocells-hivern-delta-llobregat\/","title":{"rendered":"Quins ocells passen l&#8217;hivern al Delta del Llobregat?"},"content":{"rendered":"<p>[et_pb_section fb_built=&#8221;1&#8243; _builder_version=&#8221;4.16&#8243; global_colors_info=&#8221;{}&#8221;][et_pb_row _builder_version=&#8221;4.16&#8243; global_colors_info=&#8221;{}&#8221;][et_pb_column type=&#8221;4_4&#8243; _builder_version=&#8221;4.16&#8243; global_colors_info=&#8221;{}&#8221;][et_pb_text _builder_version=&#8221;4.27.4&#8243; global_colors_info=&#8221;{}&#8221;]<\/p>\n<p>No fa molt et vam parlar en aquest blog de <strong>la pr\u00e0ctica del <a href=\"https:\/\/albergueesplaibarcelona.com\/ca\/blog-ca\/espais-naturals\/anem-a-practicar-birdwatching-al-delta-de-llobregat\/\" target=\"_blank\" rel=\"noopener noreferrer\"><em>Birdwatching<\/em><\/a><\/strong>. Recordes qu\u00e8 \u00e9s? B\u00e9, doncs es tracta d\u2019una pr\u00e0ctica que consisteix en l\u2019observaci\u00f3 i l\u2019estudi de les aus en un lloc determinat.<\/p>\n<p>Com sabr\u00e0s, el nostre lloc preferit per observar les aus es troba al costat de casa, de l\u2019<a href=\"https:\/\/albergueesplaibarcelona.com\/ca\/\" target=\"_blank\" rel=\"noopener noreferrer\">Alberg Centre Esplai<\/a>, i \u00e9s <strong>el <a href=\"https:\/\/ca.wikipedia.org\/wiki\/Delta_del_Llobregat\" target=\"_blank\" rel=\"noopener noreferrer\">Delta del Llobregat<\/a><\/strong>! \u00c9s un delta que es troba a la comarca del Baix Llobregat i <strong>compr\u00e8n els municipis del Prat de Llobregat, Viladecans, Gav\u00e0 i Castelldefels<\/strong>. \u00c9s la tercera <strong>Zona Humida m\u00e9s important de tota Catalunya<\/strong>, per aix\u00f2 \u00e9s d\u2019esperar que els seus espais naturals formin part de la <a href=\"https:\/\/mediambient.gencat.cat\/ca\/05_ambits_dactuacio\/patrimoni_natural\/senp_catalunya\/xarxa_natura_2000\/index.html\" target=\"_blank\" rel=\"noopener noreferrer\">Xarxa Natura 2000<\/a> i de la <a href=\"https:\/\/www.miteco.gob.es\/es\/biodiversidad\/temas\/espacios-protegidos\/red-natura-2000\/zepa_cataluna.aspx\" target=\"_blank\" rel=\"noopener noreferrer\">Zona d\u2019Especial Protecci\u00f3 per a les aus (ZEPA)<\/a>. Una de les caracter\u00edstiques m\u00e9s importants del Delta del Llobregat \u00e9s que <strong>constitueix un punt estrat\u00e8gic essencial per a les migracions de les aus entre Europa i l\u2019\u00c0frica<\/strong>.<\/p>\n<blockquote>\n<p><i class=\"fas fa-snowflake\"><\/i> I ara que s\u2019acosta l\u2019hivern\u2026<strong> Vols saber quines s\u00f3n les aus que es quedaran durant aquest per\u00edode<\/strong> a descansar en aquestes maresmes, llacunes i platges?<\/p>\n<\/blockquote>\n<p>[\/et_pb_text][et_pb_image src=&#8221;https:\/\/albergueesplaibarcelona.com\/wp-content\/uploads\/2019\/12\/cormorant.jpg&#8221; _builder_version=&#8221;4.16&#8243; custom_margin=&#8221;40px||||false|false&#8221; global_colors_info=&#8221;{}&#8221;][\/et_pb_image][\/et_pb_column][\/et_pb_row][et_pb_row _builder_version=&#8221;4.16&#8243; global_colors_info=&#8221;{}&#8221;][et_pb_column type=&#8221;4_4&#8243; _builder_version=&#8221;4.16&#8243; global_colors_info=&#8221;{}&#8221;][et_pb_divider _builder_version=&#8221;4.16&#8243; custom_margin=&#8221;40px||40px||false|false&#8221; global_colors_info=&#8221;{}&#8221;][\/et_pb_divider][et_pb_text _builder_version=&#8221;4.16&#8243; custom_margin=&#8221;||40px||false|false&#8221; global_colors_info=&#8221;{}&#8221;]<\/p>\n<h3>Quins ocells passen l&#8217;hivern al Delta del Llobregat?<\/h3>\n<p>D\u2019entre les m\u00e9s de 300 esp\u00e8cies d\u2019ocells que passen pel Delta del Llobregat durant tot l\u2019any, <strong>avui ens agradaria destacar-ne algunes que acostumar\u00e0s a veure si t\u2019apropes al Delta durant aquest per\u00edode d\u2019hivern<\/strong>. Esp\u00e8cies que troben el seu aliment aqu\u00ed i que les condicions del terreny els permet descansar sense cap mena d&#8217;inconvenient!<\/p>\n<p>[\/et_pb_text][\/et_pb_column][\/et_pb_row][et_pb_row column_structure=&#8221;1_2,1_2&#8243; _builder_version=&#8221;4.16&#8243; global_colors_info=&#8221;{}&#8221;][et_pb_column type=&#8221;1_2&#8243; _builder_version=&#8221;4.16&#8243; global_colors_info=&#8221;{}&#8221;][et_pb_text _builder_version=&#8221;4.16&#8243; custom_margin=&#8221;|20px|||false|false&#8221; global_colors_info=&#8221;{}&#8221;]<\/p>\n<p><img loading=\"lazy\" decoding=\"async\" class=\"aligncenter wp-image-7182\" src=\"https:\/\/albergueesplaibarcelona.com\/wp-content\/uploads\/2019\/12\/fredeluga_post.png\" alt=\"\" width=\"260\" height=\"260\" \/><\/p>\n<h3 style=\"text-align: center;\"><a href=\"https:\/\/ca.wikipedia.org\/wiki\/Fredeluga_europea\" target=\"_blank\" rel=\"noopener noreferrer\"><strong>Fredeluga<\/strong><\/a><\/h3>\n<p style=\"text-align: center;\">Es tracta d\u2019un ocell lim\u00edcola que acostuma a passar el <strong>per\u00edode hivernenc a les terres catalanes<\/strong>. Com pots veure, t\u00e9 una mida mitjana i el caracteritza aquest llarg <strong>plomall er\u00e8ctil i negre que t\u00e9 al cap<\/strong>.<\/p>\n<p>[\/et_pb_text][et_pb_text _builder_version=&#8221;4.16&#8243; custom_margin=&#8221;40px|20px|||false|false&#8221; global_colors_info=&#8221;{}&#8221;]<\/p>\n<p><img loading=\"lazy\" decoding=\"async\" class=\"aligncenter wp-image-7192\" src=\"https:\/\/albergueesplaibarcelona.com\/wp-content\/uploads\/2019\/12\/blauet_post.png\" alt=\"\" width=\"260\" height=\"260\" \/><\/p>\n<h3 style=\"text-align: center;\"><a href=\"https:\/\/ca.wikipedia.org\/wiki\/Blauet_com%C3%BA\" target=\"_blank\" rel=\"noopener noreferrer\"><strong>BLAUET<\/strong><\/a><\/h3>\n<p style=\"text-align: center;\">\u00c9s un moix\u00f3 que destaca, sobretot, per <strong>la coloraci\u00f3 que t\u00e9<\/strong>. El color turquesa i el roig-ataronjat fan que tingui un aspecte molt vist\u00f3s i cridaner. A m\u00e9s, \u00e9s petit i amb un <strong>bec extraordin\u00e0riament llarg i punxegut<\/strong>.<\/p>\n<p>[\/et_pb_text][\/et_pb_column][et_pb_column type=&#8221;1_2&#8243; _builder_version=&#8221;4.16&#8243; global_colors_info=&#8221;{}&#8221;][et_pb_text _builder_version=&#8221;4.16&#8243; custom_margin=&#8221;|||20px|false|false&#8221; global_colors_info=&#8221;{}&#8221;]<\/p>\n<p><img loading=\"lazy\" decoding=\"async\" class=\"aligncenter wp-image-7187\" src=\"https:\/\/albergueesplaibarcelona.com\/wp-content\/uploads\/2019\/12\/corbmarigros_post.png\" alt=\"\" width=\"260\" height=\"260\" \/><\/p>\n<h3 style=\"text-align: center;\"><a href=\"https:\/\/ca.wikipedia.org\/wiki\/Corb_mar%C3%AD_gros\" target=\"_blank\" rel=\"noopener noreferrer\"><strong>CORB MAR\u00cd GROS<\/strong><\/a><\/h3>\n<p style=\"text-align: center;\">Es pot veure de <strong>forma freq\u00fcent a les zones humides i costaneres<\/strong> de Catalunya. \u00c9s un ocell de mida gran i de color negre, no obstant t\u00e9 com a elements caracter\u00edstics<strong> flocs blancs sota el bec i als laterals de la cara<\/strong>.<\/p>\n<p>[\/et_pb_text][et_pb_text _builder_version=&#8221;4.16&#8243; custom_margin=&#8221;40px|||20px|false|false&#8221; global_colors_info=&#8221;{}&#8221;]<\/p>\n<p><img loading=\"lazy\" decoding=\"async\" class=\"aligncenter wp-image-7197\" src=\"https:\/\/albergueesplaibarcelona.com\/wp-content\/uploads\/2019\/12\/cullerot_post.png\" alt=\"\" width=\"260\" height=\"260\" \/><\/p>\n<h3 style=\"text-align: center;\"><a href=\"https:\/\/ca.wikipedia.org\/wiki\/%C3%80nec_cullerot_com%C3%BA\" target=\"_blank\" rel=\"noopener noreferrer\"><strong>CULLEROT<\/strong><\/a><\/h3>\n<p style=\"text-align: center;\">\u00c9s una esp\u00e8cie d\u2019\u00e0nec, i el nom que t\u00e9 \u00e9s causat pel <strong>bec eixamplat a l\u2019extrem en forma de cullera<\/strong>. El <strong>mascle t\u00e9 el cap verd i brillant<\/strong>, el pit blanc i l\u2019abdomen castany. La <strong>femella \u00e9s d\u2019un color marr\u00f3<\/strong> amb detalls blaus a les ales.<\/p>\n<p>[\/et_pb_text][\/et_pb_column][\/et_pb_row][et_pb_row _builder_version=&#8221;4.16&#8243; global_colors_info=&#8221;{}&#8221;][et_pb_column type=&#8221;4_4&#8243; _builder_version=&#8221;4.16&#8243; global_colors_info=&#8221;{}&#8221;][et_pb_text _builder_version=&#8221;4.16&#8243; custom_margin=&#8221;60px||||false|false&#8221; global_colors_info=&#8221;{}&#8221;]<\/p>\n<p>A m\u00e9s a m\u00e9s d&#8217;aquestes quatre grans esp\u00e8cies que pots trobar al Delta del Llobregat, <strong>hi ha molt\u00edssimes m\u00e9s que tamb\u00e9 pots observar<\/strong> durant aquesta temporada d&#8217;hivern, com per exemple <strong>el<a href=\"https:\/\/ca.wikipedia.org\/wiki\/Xarxet_com%C3%BA\" target=\"_blank\" rel=\"noopener noreferrer\"> Xarxet Com\u00fa<\/a>, el <a href=\"https:\/\/ca.wikipedia.org\/wiki\/Mosquiter_com%C3%BA\" target=\"_blank\" rel=\"noopener noreferrer\">Mosquiter Com\u00fa<\/a> i el <a href=\"https:\/\/ca.wikipedia.org\/wiki\/Repicatalons\" target=\"_blank\" rel=\"noopener noreferrer\">Repicatalons<\/a><\/strong>. I si et fixes una mica m\u00e9s i amb molta paci\u00e8ncia, segur que arribes a observar la <strong><a href=\"https:\/\/ca.wikipedia.org\/wiki\/Boscarla_mostatxuda\" target=\"_blank\" rel=\"noopener noreferrer\">Boscarla Mostatxuda<\/a> i la <a href=\"https:\/\/ca.wikipedia.org\/wiki\/Cuereta_torrentera\" target=\"_blank\" rel=\"noopener noreferrer\">Cuereta Torrentera<\/a><\/strong>!<\/p>\n<p>[\/et_pb_text][et_pb_divider _builder_version=&#8221;4.16&#8243; custom_margin=&#8221;40px||40px||false|false&#8221; global_colors_info=&#8221;{}&#8221;][\/et_pb_divider][et_pb_text _builder_version=&#8221;4.16&#8243; global_colors_info=&#8221;{}&#8221;]<\/p>\n<p>L\u2019Espai Natural del <strong>Delta del Llobregat t\u00e9 diferents \u00e0rees on pots accedir i fer diversos itineraris<\/strong>. D\u2019aquesta manera aconseguir\u00e0s, tamb\u00e9, veure moltes altres tipus d\u2019aus que habiten en aquesta zona!<\/p>\n<p>Si encara no has visitat el Delta del Llobregat, <a href=\"https:\/\/albergueesplaibarcelona.com\/ca\/blog-ca\/espais-naturals\/ruta-pel-delta-del-llobregat-el-remolar-i-les-filipines\/\" target=\"_blank\" rel=\"noopener noreferrer\">aqu\u00ed us proposem un itinerari a seguir<\/a>. Segur que hi vas, hi voldr\u00e0s tornar!<\/p>\n<p>[\/et_pb_text][\/et_pb_column][\/et_pb_row][\/et_pb_section]<\/p>\n","protected":false},"excerpt":{"rendered":"<p>Consulta quins ocells pots observar al Delta de Llobregat durant l&#8217;hivern. Un punt estrat\u00e8gic pel pas d&#8217;aus migrat\u00f2ries!<\/p>\n","protected":false},"author":6,"featured_media":7229,"comment_status":"open","ping_status":"open","sticky":false,"template":"","format":"standard","meta":{"_et_pb_use_builder":"on","_et_pb_old_content":"","_et_gb_content_width":"","footnotes":""},"categories":[36,134],"tags":[108,107,103,106,105,104,109,102],"class_list":["post-7155","post","type-post","status-publish","format-standard","has-post-thumbnail","hentry","category-espais-naturals","category-sostenibilitat-ca","tag-alber-centre-esplai","tag-alberg","tag-aus","tag-educacio-ambiental","tag-espai-natural","tag-espais-naturals","tag-natura-ca","tag-ocells"],"yoast_head":"<!-- This site is optimized with the Yoast SEO plugin v27.4 - https:\/\/yoast.com\/product\/yoast-seo-wordpress\/ -->\n<title>Quins ocells passen l&#039;hivern al Delta del Llobregat? - Alberg Centre Esplai<\/title>\n<meta name=\"description\" content=\"Consulta quins ocells pots observar al Delta de Llobregat durant l&#039;hivern. Un punt estrat\u00e8gic pel pas d&#039;aus migrat\u00f2ries!\" \/>\n<meta name=\"robots\" content=\"index, follow, max-snippet:-1, max-image-preview:large, max-video-preview:-1\" \/>\n<link rel=\"canonical\" href=\"https:\/\/albergueesplaibarcelona.com\/ca\/blog-ca\/espais-naturals\/ocells-hivern-delta-llobregat\/\" \/>\n<meta property=\"og:locale\" content=\"ca_ES\" \/>\n<meta property=\"og:type\" content=\"article\" \/>\n<meta property=\"og:title\" content=\"Quins ocells passen l&#039;hivern al Delta del Llobregat? - Alberg Centre Esplai\" \/>\n<meta property=\"og:description\" content=\"Consulta quins ocells pots observar al Delta de Llobregat durant l&#039;hivern. Un punt estrat\u00e8gic pel pas d&#039;aus migrat\u00f2ries!\" \/>\n<meta property=\"og:url\" content=\"https:\/\/albergueesplaibarcelona.com\/ca\/blog-ca\/espais-naturals\/ocells-hivern-delta-llobregat\/\" \/>\n<meta property=\"og:site_name\" content=\"Alberg Centre Esplai\" \/>\n<meta property=\"article:published_time\" content=\"2019-12-11T15:31:31+00:00\" \/>\n<meta property=\"article:modified_time\" content=\"2025-06-25T09:30:17+00:00\" \/>\n<meta property=\"og:image\" content=\"https:\/\/albergueesplaibarcelona.com\/wp-content\/uploads\/2019\/12\/edifici-8.jpg\" \/>\n\t<meta property=\"og:image:width\" content=\"900\" \/>\n\t<meta property=\"og:image:height\" content=\"600\" \/>\n\t<meta property=\"og:image:type\" content=\"image\/jpeg\" \/>\n<meta name=\"author\" content=\"Cristina Espinosa Colom\u00e9\" \/>\n<meta name=\"twitter:card\" content=\"summary_large_image\" \/>\n<meta name=\"twitter:label1\" content=\"Escrit per\" \/>\n\t<meta name=\"twitter:data1\" content=\"Cristina Espinosa Colom\u00e9\" \/>\n\t<meta name=\"twitter:label2\" content=\"Temps estimat de lectura\" \/>\n\t<meta name=\"twitter:data2\" content=\"4 minuts\" \/>\n<script type=\"application\/ld+json\" class=\"yoast-schema-graph\">{\"@context\":\"https:\\\/\\\/schema.org\",\"@graph\":[{\"@type\":\"Article\",\"@id\":\"https:\\\/\\\/albergueesplaibarcelona.com\\\/ca\\\/blog-ca\\\/espais-naturals\\\/ocells-hivern-delta-llobregat\\\/#article\",\"isPartOf\":{\"@id\":\"https:\\\/\\\/albergueesplaibarcelona.com\\\/ca\\\/blog-ca\\\/espais-naturals\\\/ocells-hivern-delta-llobregat\\\/\"},\"author\":{\"name\":\"Cristina Espinosa Colom\u00e9\",\"@id\":\"https:\\\/\\\/albergueesplaibarcelona.com\\\/ca\\\/#\\\/schema\\\/person\\\/207b9e504146116f51fecbd705c33396\"},\"headline\":\"Quins ocells passen l&#8217;hivern al Delta del Llobregat?\",\"datePublished\":\"2019-12-11T15:31:31+00:00\",\"dateModified\":\"2025-06-25T09:30:17+00:00\",\"mainEntityOfPage\":{\"@id\":\"https:\\\/\\\/albergueesplaibarcelona.com\\\/ca\\\/blog-ca\\\/espais-naturals\\\/ocells-hivern-delta-llobregat\\\/\"},\"wordCount\":883,\"commentCount\":0,\"publisher\":{\"@id\":\"https:\\\/\\\/albergueesplaibarcelona.com\\\/ca\\\/#organization\"},\"image\":{\"@id\":\"https:\\\/\\\/albergueesplaibarcelona.com\\\/ca\\\/blog-ca\\\/espais-naturals\\\/ocells-hivern-delta-llobregat\\\/#primaryimage\"},\"thumbnailUrl\":\"https:\\\/\\\/albergueesplaibarcelona.com\\\/wp-content\\\/uploads\\\/2019\\\/12\\\/edifici-8.jpg\",\"keywords\":[\"alber centre esplai\",\"alberg\",\"aus\",\"educacio ambiental\",\"espai natural\",\"espais naturals\",\"natura\",\"ocells\"],\"articleSection\":[\"Espais naturals\",\"Sostenibilitat\"],\"inLanguage\":\"ca\",\"potentialAction\":[{\"@type\":\"CommentAction\",\"name\":\"Comment\",\"target\":[\"https:\\\/\\\/albergueesplaibarcelona.com\\\/ca\\\/blog-ca\\\/espais-naturals\\\/ocells-hivern-delta-llobregat\\\/#respond\"]}]},{\"@type\":\"WebPage\",\"@id\":\"https:\\\/\\\/albergueesplaibarcelona.com\\\/ca\\\/blog-ca\\\/espais-naturals\\\/ocells-hivern-delta-llobregat\\\/\",\"url\":\"https:\\\/\\\/albergueesplaibarcelona.com\\\/ca\\\/blog-ca\\\/espais-naturals\\\/ocells-hivern-delta-llobregat\\\/\",\"name\":\"Quins ocells passen l'hivern al Delta del Llobregat? - Alberg Centre Esplai\",\"isPartOf\":{\"@id\":\"https:\\\/\\\/albergueesplaibarcelona.com\\\/ca\\\/#website\"},\"primaryImageOfPage\":{\"@id\":\"https:\\\/\\\/albergueesplaibarcelona.com\\\/ca\\\/blog-ca\\\/espais-naturals\\\/ocells-hivern-delta-llobregat\\\/#primaryimage\"},\"image\":{\"@id\":\"https:\\\/\\\/albergueesplaibarcelona.com\\\/ca\\\/blog-ca\\\/espais-naturals\\\/ocells-hivern-delta-llobregat\\\/#primaryimage\"},\"thumbnailUrl\":\"https:\\\/\\\/albergueesplaibarcelona.com\\\/wp-content\\\/uploads\\\/2019\\\/12\\\/edifici-8.jpg\",\"datePublished\":\"2019-12-11T15:31:31+00:00\",\"dateModified\":\"2025-06-25T09:30:17+00:00\",\"description\":\"Consulta quins ocells pots observar al Delta de Llobregat durant l'hivern. Un punt estrat\u00e8gic pel pas d'aus migrat\u00f2ries!\",\"breadcrumb\":{\"@id\":\"https:\\\/\\\/albergueesplaibarcelona.com\\\/ca\\\/blog-ca\\\/espais-naturals\\\/ocells-hivern-delta-llobregat\\\/#breadcrumb\"},\"inLanguage\":\"ca\",\"potentialAction\":[{\"@type\":\"ReadAction\",\"target\":[\"https:\\\/\\\/albergueesplaibarcelona.com\\\/ca\\\/blog-ca\\\/espais-naturals\\\/ocells-hivern-delta-llobregat\\\/\"]}]},{\"@type\":\"ImageObject\",\"inLanguage\":\"ca\",\"@id\":\"https:\\\/\\\/albergueesplaibarcelona.com\\\/ca\\\/blog-ca\\\/espais-naturals\\\/ocells-hivern-delta-llobregat\\\/#primaryimage\",\"url\":\"https:\\\/\\\/albergueesplaibarcelona.com\\\/wp-content\\\/uploads\\\/2019\\\/12\\\/edifici-8.jpg\",\"contentUrl\":\"https:\\\/\\\/albergueesplaibarcelona.com\\\/wp-content\\\/uploads\\\/2019\\\/12\\\/edifici-8.jpg\",\"width\":900,\"height\":600,\"caption\":\"Tipus d'ocell que apareix molt pels voltants del nostre alberg!\"},{\"@type\":\"BreadcrumbList\",\"@id\":\"https:\\\/\\\/albergueesplaibarcelona.com\\\/ca\\\/blog-ca\\\/espais-naturals\\\/ocells-hivern-delta-llobregat\\\/#breadcrumb\",\"itemListElement\":[{\"@type\":\"ListItem\",\"position\":1,\"name\":\"Inici\",\"item\":\"https:\\\/\\\/albergueesplaibarcelona.com\\\/ca\\\/el-albergue\\\/\"},{\"@type\":\"ListItem\",\"position\":2,\"name\":\"Blog\",\"item\":\"https:\\\/\\\/albergueesplaibarcelona.com\\\/ca\\\/blog-ca\\\/\"},{\"@type\":\"ListItem\",\"position\":3,\"name\":\"Espais naturals\",\"item\":\"https:\\\/\\\/albergueesplaibarcelona.com\\\/ca\\\/blog-ca\\\/espais-naturals\\\/\"},{\"@type\":\"ListItem\",\"position\":4,\"name\":\"Quins ocells passen l&#8217;hivern al Delta del Llobregat?\"}]},{\"@type\":\"WebSite\",\"@id\":\"https:\\\/\\\/albergueesplaibarcelona.com\\\/ca\\\/#website\",\"url\":\"https:\\\/\\\/albergueesplaibarcelona.com\\\/ca\\\/\",\"name\":\"Alberg Centre Esplai\",\"description\":\"Alberg\",\"publisher\":{\"@id\":\"https:\\\/\\\/albergueesplaibarcelona.com\\\/ca\\\/#organization\"},\"potentialAction\":[{\"@type\":\"SearchAction\",\"target\":{\"@type\":\"EntryPoint\",\"urlTemplate\":\"https:\\\/\\\/albergueesplaibarcelona.com\\\/ca\\\/?s={search_term_string}\"},\"query-input\":{\"@type\":\"PropertyValueSpecification\",\"valueRequired\":true,\"valueName\":\"search_term_string\"}}],\"inLanguage\":\"ca\"},{\"@type\":\"Organization\",\"@id\":\"https:\\\/\\\/albergueesplaibarcelona.com\\\/ca\\\/#organization\",\"name\":\"Albergue Centre Esplai\",\"url\":\"https:\\\/\\\/albergueesplaibarcelona.com\\\/ca\\\/\",\"logo\":{\"@type\":\"ImageObject\",\"inLanguage\":\"ca\",\"@id\":\"https:\\\/\\\/albergueesplaibarcelona.com\\\/ca\\\/#\\\/schema\\\/logo\\\/image\\\/\",\"url\":\"https:\\\/\\\/albergueesplaibarcelona.com\\\/wp-content\\\/uploads\\\/2020\\\/12\\\/logo_alberg_centre_esplai-e1608117409320.png\",\"contentUrl\":\"https:\\\/\\\/albergueesplaibarcelona.com\\\/wp-content\\\/uploads\\\/2020\\\/12\\\/logo_alberg_centre_esplai-e1608117409320.png\",\"width\":500,\"height\":241,\"caption\":\"Albergue Centre Esplai\"},\"image\":{\"@id\":\"https:\\\/\\\/albergueesplaibarcelona.com\\\/ca\\\/#\\\/schema\\\/logo\\\/image\\\/\"}},{\"@type\":\"Person\",\"@id\":\"https:\\\/\\\/albergueesplaibarcelona.com\\\/ca\\\/#\\\/schema\\\/person\\\/207b9e504146116f51fecbd705c33396\",\"name\":\"Cristina Espinosa Colom\u00e9\",\"image\":{\"@type\":\"ImageObject\",\"inLanguage\":\"ca\",\"@id\":\"https:\\\/\\\/secure.gravatar.com\\\/avatar\\\/5c055e483e79baf8f2898f968d705db458690241795f16b3e0ff8fd47bdac10e?s=96&d=mm&r=g\",\"url\":\"https:\\\/\\\/secure.gravatar.com\\\/avatar\\\/5c055e483e79baf8f2898f968d705db458690241795f16b3e0ff8fd47bdac10e?s=96&d=mm&r=g\",\"contentUrl\":\"https:\\\/\\\/secure.gravatar.com\\\/avatar\\\/5c055e483e79baf8f2898f968d705db458690241795f16b3e0ff8fd47bdac10e?s=96&d=mm&r=g\",\"caption\":\"Cristina Espinosa Colom\u00e9\"},\"url\":\"https:\\\/\\\/albergueesplaibarcelona.com\\\/ca\\\/author\\\/cespinosa\\\/\"}]}<\/script>\n<!-- \/ Yoast SEO plugin. -->","yoast_head_json":{"title":"Quins ocells passen l'hivern al Delta del Llobregat? - Alberg Centre Esplai","description":"Consulta quins ocells pots observar al Delta de Llobregat durant l'hivern. Un punt estrat\u00e8gic pel pas d'aus migrat\u00f2ries!","robots":{"index":"index","follow":"follow","max-snippet":"max-snippet:-1","max-image-preview":"max-image-preview:large","max-video-preview":"max-video-preview:-1"},"canonical":"https:\/\/albergueesplaibarcelona.com\/ca\/blog-ca\/espais-naturals\/ocells-hivern-delta-llobregat\/","og_locale":"ca_ES","og_type":"article","og_title":"Quins ocells passen l'hivern al Delta del Llobregat? - Alberg Centre Esplai","og_description":"Consulta quins ocells pots observar al Delta de Llobregat durant l'hivern. Un punt estrat\u00e8gic pel pas d'aus migrat\u00f2ries!","og_url":"https:\/\/albergueesplaibarcelona.com\/ca\/blog-ca\/espais-naturals\/ocells-hivern-delta-llobregat\/","og_site_name":"Alberg Centre Esplai","article_published_time":"2019-12-11T15:31:31+00:00","article_modified_time":"2025-06-25T09:30:17+00:00","og_image":[{"width":900,"height":600,"url":"https:\/\/albergueesplaibarcelona.com\/wp-content\/uploads\/2019\/12\/edifici-8.jpg","type":"image\/jpeg"}],"author":"Cristina Espinosa Colom\u00e9","twitter_card":"summary_large_image","twitter_misc":{"Escrit per":"Cristina Espinosa Colom\u00e9","Temps estimat de lectura":"4 minuts"},"schema":{"@context":"https:\/\/schema.org","@graph":[{"@type":"Article","@id":"https:\/\/albergueesplaibarcelona.com\/ca\/blog-ca\/espais-naturals\/ocells-hivern-delta-llobregat\/#article","isPartOf":{"@id":"https:\/\/albergueesplaibarcelona.com\/ca\/blog-ca\/espais-naturals\/ocells-hivern-delta-llobregat\/"},"author":{"name":"Cristina Espinosa Colom\u00e9","@id":"https:\/\/albergueesplaibarcelona.com\/ca\/#\/schema\/person\/207b9e504146116f51fecbd705c33396"},"headline":"Quins ocells passen l&#8217;hivern al Delta del Llobregat?","datePublished":"2019-12-11T15:31:31+00:00","dateModified":"2025-06-25T09:30:17+00:00","mainEntityOfPage":{"@id":"https:\/\/albergueesplaibarcelona.com\/ca\/blog-ca\/espais-naturals\/ocells-hivern-delta-llobregat\/"},"wordCount":883,"commentCount":0,"publisher":{"@id":"https:\/\/albergueesplaibarcelona.com\/ca\/#organization"},"image":{"@id":"https:\/\/albergueesplaibarcelona.com\/ca\/blog-ca\/espais-naturals\/ocells-hivern-delta-llobregat\/#primaryimage"},"thumbnailUrl":"https:\/\/albergueesplaibarcelona.com\/wp-content\/uploads\/2019\/12\/edifici-8.jpg","keywords":["alber centre esplai","alberg","aus","educacio ambiental","espai natural","espais naturals","natura","ocells"],"articleSection":["Espais naturals","Sostenibilitat"],"inLanguage":"ca","potentialAction":[{"@type":"CommentAction","name":"Comment","target":["https:\/\/albergueesplaibarcelona.com\/ca\/blog-ca\/espais-naturals\/ocells-hivern-delta-llobregat\/#respond"]}]},{"@type":"WebPage","@id":"https:\/\/albergueesplaibarcelona.com\/ca\/blog-ca\/espais-naturals\/ocells-hivern-delta-llobregat\/","url":"https:\/\/albergueesplaibarcelona.com\/ca\/blog-ca\/espais-naturals\/ocells-hivern-delta-llobregat\/","name":"Quins ocells passen l'hivern al Delta del Llobregat? - Alberg Centre Esplai","isPartOf":{"@id":"https:\/\/albergueesplaibarcelona.com\/ca\/#website"},"primaryImageOfPage":{"@id":"https:\/\/albergueesplaibarcelona.com\/ca\/blog-ca\/espais-naturals\/ocells-hivern-delta-llobregat\/#primaryimage"},"image":{"@id":"https:\/\/albergueesplaibarcelona.com\/ca\/blog-ca\/espais-naturals\/ocells-hivern-delta-llobregat\/#primaryimage"},"thumbnailUrl":"https:\/\/albergueesplaibarcelona.com\/wp-content\/uploads\/2019\/12\/edifici-8.jpg","datePublished":"2019-12-11T15:31:31+00:00","dateModified":"2025-06-25T09:30:17+00:00","description":"Consulta quins ocells pots observar al Delta de Llobregat durant l'hivern. Un punt estrat\u00e8gic pel pas d'aus migrat\u00f2ries!","breadcrumb":{"@id":"https:\/\/albergueesplaibarcelona.com\/ca\/blog-ca\/espais-naturals\/ocells-hivern-delta-llobregat\/#breadcrumb"},"inLanguage":"ca","potentialAction":[{"@type":"ReadAction","target":["https:\/\/albergueesplaibarcelona.com\/ca\/blog-ca\/espais-naturals\/ocells-hivern-delta-llobregat\/"]}]},{"@type":"ImageObject","inLanguage":"ca","@id":"https:\/\/albergueesplaibarcelona.com\/ca\/blog-ca\/espais-naturals\/ocells-hivern-delta-llobregat\/#primaryimage","url":"https:\/\/albergueesplaibarcelona.com\/wp-content\/uploads\/2019\/12\/edifici-8.jpg","contentUrl":"https:\/\/albergueesplaibarcelona.com\/wp-content\/uploads\/2019\/12\/edifici-8.jpg","width":900,"height":600,"caption":"Tipus d'ocell que apareix molt pels voltants del nostre alberg!"},{"@type":"BreadcrumbList","@id":"https:\/\/albergueesplaibarcelona.com\/ca\/blog-ca\/espais-naturals\/ocells-hivern-delta-llobregat\/#breadcrumb","itemListElement":[{"@type":"ListItem","position":1,"name":"Inici","item":"https:\/\/albergueesplaibarcelona.com\/ca\/el-albergue\/"},{"@type":"ListItem","position":2,"name":"Blog","item":"https:\/\/albergueesplaibarcelona.com\/ca\/blog-ca\/"},{"@type":"ListItem","position":3,"name":"Espais naturals","item":"https:\/\/albergueesplaibarcelona.com\/ca\/blog-ca\/espais-naturals\/"},{"@type":"ListItem","position":4,"name":"Quins ocells passen l&#8217;hivern al Delta del Llobregat?"}]},{"@type":"WebSite","@id":"https:\/\/albergueesplaibarcelona.com\/ca\/#website","url":"https:\/\/albergueesplaibarcelona.com\/ca\/","name":"Alberg Centre Esplai","description":"Alberg","publisher":{"@id":"https:\/\/albergueesplaibarcelona.com\/ca\/#organization"},"potentialAction":[{"@type":"SearchAction","target":{"@type":"EntryPoint","urlTemplate":"https:\/\/albergueesplaibarcelona.com\/ca\/?s={search_term_string}"},"query-input":{"@type":"PropertyValueSpecification","valueRequired":true,"valueName":"search_term_string"}}],"inLanguage":"ca"},{"@type":"Organization","@id":"https:\/\/albergueesplaibarcelona.com\/ca\/#organization","name":"Albergue Centre Esplai","url":"https:\/\/albergueesplaibarcelona.com\/ca\/","logo":{"@type":"ImageObject","inLanguage":"ca","@id":"https:\/\/albergueesplaibarcelona.com\/ca\/#\/schema\/logo\/image\/","url":"https:\/\/albergueesplaibarcelona.com\/wp-content\/uploads\/2020\/12\/logo_alberg_centre_esplai-e1608117409320.png","contentUrl":"https:\/\/albergueesplaibarcelona.com\/wp-content\/uploads\/2020\/12\/logo_alberg_centre_esplai-e1608117409320.png","width":500,"height":241,"caption":"Albergue Centre Esplai"},"image":{"@id":"https:\/\/albergueesplaibarcelona.com\/ca\/#\/schema\/logo\/image\/"}},{"@type":"Person","@id":"https:\/\/albergueesplaibarcelona.com\/ca\/#\/schema\/person\/207b9e504146116f51fecbd705c33396","name":"Cristina Espinosa Colom\u00e9","image":{"@type":"ImageObject","inLanguage":"ca","@id":"https:\/\/secure.gravatar.com\/avatar\/5c055e483e79baf8f2898f968d705db458690241795f16b3e0ff8fd47bdac10e?s=96&d=mm&r=g","url":"https:\/\/secure.gravatar.com\/avatar\/5c055e483e79baf8f2898f968d705db458690241795f16b3e0ff8fd47bdac10e?s=96&d=mm&r=g","contentUrl":"https:\/\/secure.gravatar.com\/avatar\/5c055e483e79baf8f2898f968d705db458690241795f16b3e0ff8fd47bdac10e?s=96&d=mm&r=g","caption":"Cristina Espinosa Colom\u00e9"},"url":"https:\/\/albergueesplaibarcelona.com\/ca\/author\/cespinosa\/"}]}},"_links":{"self":[{"href":"https:\/\/albergueesplaibarcelona.com\/ca\/wp-json\/wp\/v2\/posts\/7155","targetHints":{"allow":["GET"]}}],"collection":[{"href":"https:\/\/albergueesplaibarcelona.com\/ca\/wp-json\/wp\/v2\/posts"}],"about":[{"href":"https:\/\/albergueesplaibarcelona.com\/ca\/wp-json\/wp\/v2\/types\/post"}],"author":[{"embeddable":true,"href":"https:\/\/albergueesplaibarcelona.com\/ca\/wp-json\/wp\/v2\/users\/6"}],"replies":[{"embeddable":true,"href":"https:\/\/albergueesplaibarcelona.com\/ca\/wp-json\/wp\/v2\/comments?post=7155"}],"version-history":[{"count":73,"href":"https:\/\/albergueesplaibarcelona.com\/ca\/wp-json\/wp\/v2\/posts\/7155\/revisions"}],"predecessor-version":[{"id":21011,"href":"https:\/\/albergueesplaibarcelona.com\/ca\/wp-json\/wp\/v2\/posts\/7155\/revisions\/21011"}],"wp:featuredmedia":[{"embeddable":true,"href":"https:\/\/albergueesplaibarcelona.com\/ca\/wp-json\/wp\/v2\/media\/7229"}],"wp:attachment":[{"href":"https:\/\/albergueesplaibarcelona.com\/ca\/wp-json\/wp\/v2\/media?parent=7155"}],"wp:term":[{"taxonomy":"category","embeddable":true,"href":"https:\/\/albergueesplaibarcelona.com\/ca\/wp-json\/wp\/v2\/categories?post=7155"},{"taxonomy":"post_tag","embeddable":true,"href":"https:\/\/albergueesplaibarcelona.com\/ca\/wp-json\/wp\/v2\/tags?post=7155"}],"curies":[{"name":"wp","href":"https:\/\/api.w.org\/{rel}","templated":true}]}}