{"id":7313,"date":"2020-01-05T14:35:47","date_gmt":"2020-01-05T14:35:47","guid":{"rendered":"https:\/\/albergueesplaibarcelona.com\/?p=7313"},"modified":"2020-01-08T09:39:28","modified_gmt":"2020-01-08T09:39:28","slug":"baltasar-de-veritat-catalunya","status":"publish","type":"post","link":"https:\/\/albergueesplaibarcelona.com\/ca\/blog-ca\/barcelona-en-familia-ca\/baltasar-de-veritat-catalunya\/","title":{"rendered":"Un #BaltasarDeVeritat pels municipis de Catalunya!"},"content":{"rendered":"<p>[et_pb_section fb_built=&#8221;1&#8243; _builder_version=&#8221;4.0.9&#8243;][et_pb_row _builder_version=&#8221;4.0.9&#8243;][et_pb_column type=&#8221;4_4&#8243; _builder_version=&#8221;4.0.9&#8243;][et_pb_text _builder_version=&#8221;4.0.9&#8243; custom_margin=&#8221;||40px||false|false&#8221;]<\/p>\n<p>En \u00e8poques festives com ens trobem ara, el <a href=\"https:\/\/ca.wikipedia.org\/wiki\/Nadal\">Nadal<\/a>, \u00e9s molt com\u00fa que es cre\u00efn <strong>pol\u00e8miques i debats sobre moltes de les tradicions que existeixen arreu del m\u00f3n<\/strong>. Aquestes tradicions generen <strong>cr\u00edtiques al voltant de les pr\u00e0ctiques que es realitzen i si tenen o no un comportament amb matisos racistes<\/strong>. En aquesta entrada volem parlar-te sobre una de les tradicions m\u00e9s importants i que se celebra a molts pa\u00efsos arreu del m\u00f3n. Parlem, doncs, de la <a href=\"https:\/\/ca.wikipedia.org\/wiki\/Cavalcada\">cavalcada<\/a>.<\/p>\n<p><strong>\u00c9s un comportament racista pintar la cara de betum a una persona blanca per representar al <a href=\"https:\/\/ca.wikipedia.org\/wiki\/Reis_d%27Orient\">rei Baltasar<\/a>?<\/strong> Anem a remuntar-nos als or\u00edgens de la paraula <a href=\"https:\/\/twitter.com\/search?q=%23blackface&amp;src=typeahead_click\">#Blackface<\/a>!<\/p>\n<p>[\/et_pb_text][et_pb_image src=&#8221;https:\/\/albergueesplaibarcelona.com\/wp-content\/uploads\/2020\/01\/baltasar.jpg&#8221; align=&#8221;center&#8221; force_fullwidth=&#8221;on&#8221; _builder_version=&#8221;4.0.9&#8243;][\/et_pb_image][et_pb_text _builder_version=&#8221;4.0.9&#8243;]<\/p>\n<p style=\"text-align: right;\"> <span style=\"font-size: x-small;\"><i>Fotografia de <a href=\"https:\/\/www.flickr.com\/photos\/magec\/\">Magec<\/a>. <a href=\"https:\/\/creativecommons.org\/licenses\/by-nc-nd\/2.0\/deed.ca\">Llic\u00e8ncia<\/a><\/i><\/span><\/p>\n<p>[\/et_pb_text][et_pb_divider _builder_version=&#8221;4.0.9&#8243; custom_margin=&#8221;40px||40px||false|false&#8221;][\/et_pb_divider][\/et_pb_column][\/et_pb_row][et_pb_row _builder_version=&#8221;4.0.9&#8243;][et_pb_column type=&#8221;4_4&#8243; _builder_version=&#8221;4.0.9&#8243;][et_pb_text _builder_version=&#8221;4.0.9&#8243; custom_margin=&#8221;||40px||false|false&#8221; hover_enabled=&#8221;0&#8243;]<\/p>\n<ul>\n<li><strong>Qu\u00e8 \u00e9s el #Blackface, doncs?<\/strong><\/li>\n<\/ul>\n<p>Aquesta pr\u00e0ctica existeix des de fa m\u00e9s de 200 anys, i va comen\u00e7ar a utilitzar-se per part dels antics <strong>actors i c\u00f2mics que duien a terme <em>shows<\/em> sobre escenaris per representar a persones negres<\/strong>. Escenaris on les persones d\u2019aquesta mencionada \u00e8tnia no tenien acc\u00e9s. \u00a0Els interpretaven per crear burla sobre ells i elles i sobre el seu cos, aix\u00ed <strong>refor\u00e7ant la ideologia racista promocionant estereotips err\u00e0tics<\/strong> mentre aquesta minoria intentava lluitar per recuperar els seus drets civils despr\u00e9s de patir segles i segles d\u2019esclavitzaci\u00f3.<\/p>\n<p>[\/et_pb_text][et_pb_text _builder_version=&#8221;4.0.9&#8243; custom_margin=&#8221;||40px||false|false&#8221; hover_enabled=&#8221;0&#8243;]<\/p>\n<ul>\n<li><strong>I quines s\u00f3n les tradicions on encara apareix el #Blackface?<\/strong><\/li>\n<\/ul>\n<p>Encara hi ha tradicions vinculades a aquesta pr\u00e0ctica arreu del m\u00f3n. Aix\u00f2 no obstant, dins d\u2019Espanya destaquem <strong>la <a href=\"https:\/\/afrofeminas.com\/2017\/12\/07\/un-blackface-masivo-en-alcoy-puede-ser-patrimonio-inmaterial-de-la-humanidad\/\">festivitat d\u2019Alcoy (Alacant)<\/a> on desfilen els 200 negrets<\/strong> que sempre han resultat ser persones blanques pintades de negre. Col\u00b7lectius com <a href=\"https:\/\/afrofeminas.com\/\"><strong>Afrof\u00e9minas<\/strong><\/a> i <a href=\"http:\/\/esracismo.com\/\"><strong>EsRacismo<\/strong><\/a> lluiten per acabar amb aquest component racista d\u2019aquesta tradici\u00f3. Tamb\u00e9 est\u00e0 molt assentat en aquest pa\u00eds <strong>pintar la cara del qui hagi de representar al Rei Baltasar durant la cavalcada cada 6 de gener<\/strong>. I ens alegra molt saber que cada vegada \u00e9s m\u00e9s habitual que es busqui algun ve\u00ed de pell negra del poble o la ciutat per fer aquest paper.<\/p>\n<p><strong>L\u2019ONG <a href=\"https:\/\/casanostracasavostra.com\/projectes\/baltassar-de-veritat\">Casa Nostra Casa Vostra<\/a> s\u2019ha encarregat d\u2019incidir en tots els municipis de Catalunya sobre la import\u00e0ncia de tenir un <a href=\"https:\/\/twitter.com\/hashtag\/BaltasarDeVeritat?src=hashtag_click\">#BaltasarDeVeritat<\/a><\/strong> i deixar enrere la pr\u00e0ctica #Blackface que, com hem vist a partir dels seus or\u00edgens, pot ser ofensiu per a una gran part de la poblaci\u00f3. Grans ciutats com s\u00f3n <a href=\"https:\/\/ca.wikipedia.org\/wiki\/Barcelona\">Barcelona<\/a>, <a href=\"https:\/\/ca.wikipedia.org\/wiki\/Tarragona\">Tarragona<\/a>, <a href=\"https:\/\/ca.wikipedia.org\/wiki\/Girona\">Girona<\/a>, <a href=\"https:\/\/ca.wikipedia.org\/wiki\/Lleida\">Lleida<\/a> i l\u2019<a href=\"https:\/\/ca.wikipedia.org\/wiki\/L%27Hospitalet_de_Llobregat\">Hospitalet de Llobregat<\/a> ja han fet un pas endavant en aquesta pr\u00e0ctica. Altres <strong>poblacions m\u00e9s petites s\u2019estan sumant poc a poc a aquesta iniciativa!<\/strong><\/p>\n<p>[\/et_pb_text][et_pb_video src=&#8221;http:\/\/www.youtube.com\/watch?v=p9CA1BTLGdE&#8221; _builder_version=&#8221;4.0.9&#8243;][\/et_pb_video][\/et_pb_column][\/et_pb_row][et_pb_row _builder_version=&#8221;4.0.9&#8243;][et_pb_column type=&#8221;4_4&#8243; _builder_version=&#8221;4.0.9&#8243;][et_pb_divider _builder_version=&#8221;4.0.9&#8243; custom_margin=&#8221;40px||40px||false|false&#8221;][\/et_pb_divider][et_pb_text _builder_version=&#8221;4.0.9&#8243;]<\/p>\n<p>T\u2019animes a sumar-te a aquesta iniciativa? Des de <a href=\"https:\/\/fundesplai.org\/ca\/\">Fundesplai<\/a> <strong>mostrem el nostre suport perqu\u00e8 cada vegada sigui m\u00e9s com\u00fa tenir un #BaltasarDeVeritat<\/strong> als municipis, i que aquesta iniciativa influeixi, tamb\u00e9, en la <strong>conscienciaci\u00f3 social sobre les migracions i els refugiats.<\/strong><\/p>\n<p>Avui en dia vivim en societats multiculturals i marcades per una ciutadania global. Per aix\u00f2 creiem <strong>important que els infants i joves reconeguin els Drets Humans i la diversitat com a valors indispensables<\/strong> per a la conviv\u00e8ncia del nostre m\u00f3n. Pots donar una ullada a <a href=\"https:\/\/projectes.fundesplai.org\/nusos\/\"><strong>NuSOS, una iniciativa de Fundesplai <\/strong><\/a>que vol aportar el seu granet de sorra per a aquesta conscienciaci\u00f3 i per erradicar els comportaments i les accions racistes com les que hem vist en aquesta entrada.<\/p>\n<p>[\/et_pb_text][\/et_pb_column][\/et_pb_row][\/et_pb_section]<\/p>\n","protected":false},"excerpt":{"rendered":"<p>En \u00e8poques festives com ens trobem ara, el Nadal, \u00e9s molt com\u00fa que es cre\u00efn pol\u00e8miques i debats sobre moltes de les tradicions que existeixen arreu del m\u00f3n. Aquestes tradicions generen cr\u00edtiques al voltant de les pr\u00e0ctiques que es realitzen i si tenen o no un comportament amb matisos racistes. En aquesta entrada volem parlar-te [&hellip;]<\/p>\n","protected":false},"author":6,"featured_media":7348,"comment_status":"open","ping_status":"open","sticky":false,"template":"","format":"standard","meta":{"_et_pb_use_builder":"on","_et_pb_old_content":"","_et_gb_content_width":"","footnotes":""},"categories":[34,33],"tags":[124,120,121,123,122],"class_list":["post-7313","post","type-post","status-publish","format-standard","has-post-thumbnail","hentry","category-barcelona-en-familia-ca","category-que_fer","tag-baltasar-ca","tag-integritat","tag-migracions","tag-nadals","tag-refugiats"],"yoast_head":"<!-- This site is optimized with the Yoast SEO plugin v27.5 - https:\/\/yoast.com\/product\/yoast-seo-wordpress\/ -->\n<title>Un #BaltasarDeVeritat pels municipis de Catalunya! - Alberg Centre Esplai<\/title>\n<meta name=\"description\" content=\"\u00c9s un comportament racista pintar la cara de betum a una persona blanca per representar al rei Baltasar? Anem a remuntar-nos als or\u00edgens de la paraula #Blackface!\" \/>\n<meta name=\"robots\" content=\"index, follow, max-snippet:-1, max-image-preview:large, max-video-preview:-1\" \/>\n<link rel=\"canonical\" href=\"https:\/\/albergueesplaibarcelona.com\/ca\/blog-ca\/barcelona-en-familia-ca\/baltasar-de-veritat-catalunya\/\" \/>\n<meta property=\"og:locale\" content=\"ca_ES\" \/>\n<meta property=\"og:type\" content=\"article\" \/>\n<meta property=\"og:title\" content=\"Un #BaltasarDeVeritat pels municipis de Catalunya! - Alberg Centre Esplai\" \/>\n<meta property=\"og:description\" content=\"\u00c9s un comportament racista pintar la cara de betum a una persona blanca per representar al rei Baltasar? Anem a remuntar-nos als or\u00edgens de la paraula #Blackface!\" \/>\n<meta property=\"og:url\" content=\"https:\/\/albergueesplaibarcelona.com\/ca\/blog-ca\/barcelona-en-familia-ca\/baltasar-de-veritat-catalunya\/\" \/>\n<meta property=\"og:site_name\" content=\"Alberg Centre Esplai\" \/>\n<meta property=\"article:published_time\" content=\"2020-01-05T14:35:47+00:00\" \/>\n<meta property=\"article:modified_time\" content=\"2020-01-08T09:39:28+00:00\" \/>\n<meta property=\"og:image\" content=\"https:\/\/albergueesplaibarcelona.com\/wp-content\/uploads\/2019\/12\/portada_reismags.jpg\" \/>\n\t<meta property=\"og:image:width\" content=\"986\" \/>\n\t<meta property=\"og:image:height\" content=\"353\" \/>\n\t<meta property=\"og:image:type\" content=\"image\/jpeg\" \/>\n<meta name=\"author\" content=\"Cristina Espinosa Colom\u00e9\" \/>\n<meta name=\"twitter:card\" content=\"summary_large_image\" \/>\n<meta name=\"twitter:label1\" content=\"Escrit per\" \/>\n\t<meta name=\"twitter:data1\" content=\"Cristina Espinosa Colom\u00e9\" \/>\n\t<meta name=\"twitter:label2\" content=\"Temps estimat de lectura\" \/>\n\t<meta name=\"twitter:data2\" content=\"4 minuts\" \/>\n<script type=\"application\/ld+json\" class=\"yoast-schema-graph\">{\"@context\":\"https:\\\/\\\/schema.org\",\"@graph\":[{\"@type\":\"Article\",\"@id\":\"https:\\\/\\\/albergueesplaibarcelona.com\\\/ca\\\/blog-ca\\\/barcelona-en-familia-ca\\\/baltasar-de-veritat-catalunya\\\/#article\",\"isPartOf\":{\"@id\":\"https:\\\/\\\/albergueesplaibarcelona.com\\\/ca\\\/blog-ca\\\/barcelona-en-familia-ca\\\/baltasar-de-veritat-catalunya\\\/\"},\"author\":{\"name\":\"Cristina Espinosa Colom\u00e9\",\"@id\":\"https:\\\/\\\/albergueesplaibarcelona.com\\\/ca\\\/#\\\/schema\\\/person\\\/207b9e504146116f51fecbd705c33396\"},\"headline\":\"Un #BaltasarDeVeritat pels municipis de Catalunya!\",\"datePublished\":\"2020-01-05T14:35:47+00:00\",\"dateModified\":\"2020-01-08T09:39:28+00:00\",\"mainEntityOfPage\":{\"@id\":\"https:\\\/\\\/albergueesplaibarcelona.com\\\/ca\\\/blog-ca\\\/barcelona-en-familia-ca\\\/baltasar-de-veritat-catalunya\\\/\"},\"wordCount\":744,\"commentCount\":0,\"publisher\":{\"@id\":\"https:\\\/\\\/albergueesplaibarcelona.com\\\/ca\\\/#organization\"},\"image\":{\"@id\":\"https:\\\/\\\/albergueesplaibarcelona.com\\\/ca\\\/blog-ca\\\/barcelona-en-familia-ca\\\/baltasar-de-veritat-catalunya\\\/#primaryimage\"},\"thumbnailUrl\":\"https:\\\/\\\/albergueesplaibarcelona.com\\\/wp-content\\\/uploads\\\/2019\\\/12\\\/portada_reismags.jpg\",\"keywords\":[\"baltasar\",\"integritat\",\"migracions\",\"nadals\",\"refugiats\"],\"articleSection\":[\"Barcelona en fam\u00edlia\",\"Qu\u00e8 fer?\"],\"inLanguage\":\"ca\",\"potentialAction\":[{\"@type\":\"CommentAction\",\"name\":\"Comment\",\"target\":[\"https:\\\/\\\/albergueesplaibarcelona.com\\\/ca\\\/blog-ca\\\/barcelona-en-familia-ca\\\/baltasar-de-veritat-catalunya\\\/#respond\"]}]},{\"@type\":\"WebPage\",\"@id\":\"https:\\\/\\\/albergueesplaibarcelona.com\\\/ca\\\/blog-ca\\\/barcelona-en-familia-ca\\\/baltasar-de-veritat-catalunya\\\/\",\"url\":\"https:\\\/\\\/albergueesplaibarcelona.com\\\/ca\\\/blog-ca\\\/barcelona-en-familia-ca\\\/baltasar-de-veritat-catalunya\\\/\",\"name\":\"Un #BaltasarDeVeritat pels municipis de Catalunya! - Alberg Centre Esplai\",\"isPartOf\":{\"@id\":\"https:\\\/\\\/albergueesplaibarcelona.com\\\/ca\\\/#website\"},\"primaryImageOfPage\":{\"@id\":\"https:\\\/\\\/albergueesplaibarcelona.com\\\/ca\\\/blog-ca\\\/barcelona-en-familia-ca\\\/baltasar-de-veritat-catalunya\\\/#primaryimage\"},\"image\":{\"@id\":\"https:\\\/\\\/albergueesplaibarcelona.com\\\/ca\\\/blog-ca\\\/barcelona-en-familia-ca\\\/baltasar-de-veritat-catalunya\\\/#primaryimage\"},\"thumbnailUrl\":\"https:\\\/\\\/albergueesplaibarcelona.com\\\/wp-content\\\/uploads\\\/2019\\\/12\\\/portada_reismags.jpg\",\"datePublished\":\"2020-01-05T14:35:47+00:00\",\"dateModified\":\"2020-01-08T09:39:28+00:00\",\"description\":\"\u00c9s un comportament racista pintar la cara de betum a una persona blanca per representar al rei Baltasar? Anem a remuntar-nos als or\u00edgens de la paraula #Blackface!\",\"breadcrumb\":{\"@id\":\"https:\\\/\\\/albergueesplaibarcelona.com\\\/ca\\\/blog-ca\\\/barcelona-en-familia-ca\\\/baltasar-de-veritat-catalunya\\\/#breadcrumb\"},\"inLanguage\":\"ca\",\"potentialAction\":[{\"@type\":\"ReadAction\",\"target\":[\"https:\\\/\\\/albergueesplaibarcelona.com\\\/ca\\\/blog-ca\\\/barcelona-en-familia-ca\\\/baltasar-de-veritat-catalunya\\\/\"]}]},{\"@type\":\"ImageObject\",\"inLanguage\":\"ca\",\"@id\":\"https:\\\/\\\/albergueesplaibarcelona.com\\\/ca\\\/blog-ca\\\/barcelona-en-familia-ca\\\/baltasar-de-veritat-catalunya\\\/#primaryimage\",\"url\":\"https:\\\/\\\/albergueesplaibarcelona.com\\\/wp-content\\\/uploads\\\/2019\\\/12\\\/portada_reismags.jpg\",\"contentUrl\":\"https:\\\/\\\/albergueesplaibarcelona.com\\\/wp-content\\\/uploads\\\/2019\\\/12\\\/portada_reismags.jpg\",\"width\":986,\"height\":353},{\"@type\":\"BreadcrumbList\",\"@id\":\"https:\\\/\\\/albergueesplaibarcelona.com\\\/ca\\\/blog-ca\\\/barcelona-en-familia-ca\\\/baltasar-de-veritat-catalunya\\\/#breadcrumb\",\"itemListElement\":[{\"@type\":\"ListItem\",\"position\":1,\"name\":\"Inici\",\"item\":\"https:\\\/\\\/albergueesplaibarcelona.com\\\/ca\\\/el-albergue\\\/\"},{\"@type\":\"ListItem\",\"position\":2,\"name\":\"Blog\",\"item\":\"https:\\\/\\\/albergueesplaibarcelona.com\\\/ca\\\/blog-ca\\\/\"},{\"@type\":\"ListItem\",\"position\":3,\"name\":\"Barcelona en fam\u00edlia\",\"item\":\"https:\\\/\\\/albergueesplaibarcelona.com\\\/ca\\\/blog-ca\\\/barcelona-en-familia-ca\\\/\"},{\"@type\":\"ListItem\",\"position\":4,\"name\":\"Un #BaltasarDeVeritat pels municipis de Catalunya!\"}]},{\"@type\":\"WebSite\",\"@id\":\"https:\\\/\\\/albergueesplaibarcelona.com\\\/ca\\\/#website\",\"url\":\"https:\\\/\\\/albergueesplaibarcelona.com\\\/ca\\\/\",\"name\":\"Alberg Centre Esplai\",\"description\":\"Alberg\",\"publisher\":{\"@id\":\"https:\\\/\\\/albergueesplaibarcelona.com\\\/ca\\\/#organization\"},\"potentialAction\":[{\"@type\":\"SearchAction\",\"target\":{\"@type\":\"EntryPoint\",\"urlTemplate\":\"https:\\\/\\\/albergueesplaibarcelona.com\\\/ca\\\/?s={search_term_string}\"},\"query-input\":{\"@type\":\"PropertyValueSpecification\",\"valueRequired\":true,\"valueName\":\"search_term_string\"}}],\"inLanguage\":\"ca\"},{\"@type\":\"Organization\",\"@id\":\"https:\\\/\\\/albergueesplaibarcelona.com\\\/ca\\\/#organization\",\"name\":\"Albergue Centre Esplai\",\"url\":\"https:\\\/\\\/albergueesplaibarcelona.com\\\/ca\\\/\",\"logo\":{\"@type\":\"ImageObject\",\"inLanguage\":\"ca\",\"@id\":\"https:\\\/\\\/albergueesplaibarcelona.com\\\/ca\\\/#\\\/schema\\\/logo\\\/image\\\/\",\"url\":\"https:\\\/\\\/albergueesplaibarcelona.com\\\/wp-content\\\/uploads\\\/2020\\\/12\\\/logo_alberg_centre_esplai-e1608117409320.png\",\"contentUrl\":\"https:\\\/\\\/albergueesplaibarcelona.com\\\/wp-content\\\/uploads\\\/2020\\\/12\\\/logo_alberg_centre_esplai-e1608117409320.png\",\"width\":500,\"height\":241,\"caption\":\"Albergue Centre Esplai\"},\"image\":{\"@id\":\"https:\\\/\\\/albergueesplaibarcelona.com\\\/ca\\\/#\\\/schema\\\/logo\\\/image\\\/\"}},{\"@type\":\"Person\",\"@id\":\"https:\\\/\\\/albergueesplaibarcelona.com\\\/ca\\\/#\\\/schema\\\/person\\\/207b9e504146116f51fecbd705c33396\",\"name\":\"Cristina Espinosa Colom\u00e9\",\"image\":{\"@type\":\"ImageObject\",\"inLanguage\":\"ca\",\"@id\":\"https:\\\/\\\/secure.gravatar.com\\\/avatar\\\/5c055e483e79baf8f2898f968d705db458690241795f16b3e0ff8fd47bdac10e?s=96&d=mm&r=g\",\"url\":\"https:\\\/\\\/secure.gravatar.com\\\/avatar\\\/5c055e483e79baf8f2898f968d705db458690241795f16b3e0ff8fd47bdac10e?s=96&d=mm&r=g\",\"contentUrl\":\"https:\\\/\\\/secure.gravatar.com\\\/avatar\\\/5c055e483e79baf8f2898f968d705db458690241795f16b3e0ff8fd47bdac10e?s=96&d=mm&r=g\",\"caption\":\"Cristina Espinosa Colom\u00e9\"},\"url\":\"https:\\\/\\\/albergueesplaibarcelona.com\\\/ca\\\/author\\\/cespinosa\\\/\"}]}<\/script>\n<!-- \/ Yoast SEO plugin. -->","yoast_head_json":{"title":"Un #BaltasarDeVeritat pels municipis de Catalunya! - Alberg Centre Esplai","description":"\u00c9s un comportament racista pintar la cara de betum a una persona blanca per representar al rei Baltasar? Anem a remuntar-nos als or\u00edgens de la paraula #Blackface!","robots":{"index":"index","follow":"follow","max-snippet":"max-snippet:-1","max-image-preview":"max-image-preview:large","max-video-preview":"max-video-preview:-1"},"canonical":"https:\/\/albergueesplaibarcelona.com\/ca\/blog-ca\/barcelona-en-familia-ca\/baltasar-de-veritat-catalunya\/","og_locale":"ca_ES","og_type":"article","og_title":"Un #BaltasarDeVeritat pels municipis de Catalunya! - Alberg Centre Esplai","og_description":"\u00c9s un comportament racista pintar la cara de betum a una persona blanca per representar al rei Baltasar? Anem a remuntar-nos als or\u00edgens de la paraula #Blackface!","og_url":"https:\/\/albergueesplaibarcelona.com\/ca\/blog-ca\/barcelona-en-familia-ca\/baltasar-de-veritat-catalunya\/","og_site_name":"Alberg Centre Esplai","article_published_time":"2020-01-05T14:35:47+00:00","article_modified_time":"2020-01-08T09:39:28+00:00","og_image":[{"width":986,"height":353,"url":"https:\/\/albergueesplaibarcelona.com\/wp-content\/uploads\/2019\/12\/portada_reismags.jpg","type":"image\/jpeg"}],"author":"Cristina Espinosa Colom\u00e9","twitter_card":"summary_large_image","twitter_misc":{"Escrit per":"Cristina Espinosa Colom\u00e9","Temps estimat de lectura":"4 minuts"},"schema":{"@context":"https:\/\/schema.org","@graph":[{"@type":"Article","@id":"https:\/\/albergueesplaibarcelona.com\/ca\/blog-ca\/barcelona-en-familia-ca\/baltasar-de-veritat-catalunya\/#article","isPartOf":{"@id":"https:\/\/albergueesplaibarcelona.com\/ca\/blog-ca\/barcelona-en-familia-ca\/baltasar-de-veritat-catalunya\/"},"author":{"name":"Cristina Espinosa Colom\u00e9","@id":"https:\/\/albergueesplaibarcelona.com\/ca\/#\/schema\/person\/207b9e504146116f51fecbd705c33396"},"headline":"Un #BaltasarDeVeritat pels municipis de Catalunya!","datePublished":"2020-01-05T14:35:47+00:00","dateModified":"2020-01-08T09:39:28+00:00","mainEntityOfPage":{"@id":"https:\/\/albergueesplaibarcelona.com\/ca\/blog-ca\/barcelona-en-familia-ca\/baltasar-de-veritat-catalunya\/"},"wordCount":744,"commentCount":0,"publisher":{"@id":"https:\/\/albergueesplaibarcelona.com\/ca\/#organization"},"image":{"@id":"https:\/\/albergueesplaibarcelona.com\/ca\/blog-ca\/barcelona-en-familia-ca\/baltasar-de-veritat-catalunya\/#primaryimage"},"thumbnailUrl":"https:\/\/albergueesplaibarcelona.com\/wp-content\/uploads\/2019\/12\/portada_reismags.jpg","keywords":["baltasar","integritat","migracions","nadals","refugiats"],"articleSection":["Barcelona en fam\u00edlia","Qu\u00e8 fer?"],"inLanguage":"ca","potentialAction":[{"@type":"CommentAction","name":"Comment","target":["https:\/\/albergueesplaibarcelona.com\/ca\/blog-ca\/barcelona-en-familia-ca\/baltasar-de-veritat-catalunya\/#respond"]}]},{"@type":"WebPage","@id":"https:\/\/albergueesplaibarcelona.com\/ca\/blog-ca\/barcelona-en-familia-ca\/baltasar-de-veritat-catalunya\/","url":"https:\/\/albergueesplaibarcelona.com\/ca\/blog-ca\/barcelona-en-familia-ca\/baltasar-de-veritat-catalunya\/","name":"Un #BaltasarDeVeritat pels municipis de Catalunya! - Alberg Centre Esplai","isPartOf":{"@id":"https:\/\/albergueesplaibarcelona.com\/ca\/#website"},"primaryImageOfPage":{"@id":"https:\/\/albergueesplaibarcelona.com\/ca\/blog-ca\/barcelona-en-familia-ca\/baltasar-de-veritat-catalunya\/#primaryimage"},"image":{"@id":"https:\/\/albergueesplaibarcelona.com\/ca\/blog-ca\/barcelona-en-familia-ca\/baltasar-de-veritat-catalunya\/#primaryimage"},"thumbnailUrl":"https:\/\/albergueesplaibarcelona.com\/wp-content\/uploads\/2019\/12\/portada_reismags.jpg","datePublished":"2020-01-05T14:35:47+00:00","dateModified":"2020-01-08T09:39:28+00:00","description":"\u00c9s un comportament racista pintar la cara de betum a una persona blanca per representar al rei Baltasar? Anem a remuntar-nos als or\u00edgens de la paraula #Blackface!","breadcrumb":{"@id":"https:\/\/albergueesplaibarcelona.com\/ca\/blog-ca\/barcelona-en-familia-ca\/baltasar-de-veritat-catalunya\/#breadcrumb"},"inLanguage":"ca","potentialAction":[{"@type":"ReadAction","target":["https:\/\/albergueesplaibarcelona.com\/ca\/blog-ca\/barcelona-en-familia-ca\/baltasar-de-veritat-catalunya\/"]}]},{"@type":"ImageObject","inLanguage":"ca","@id":"https:\/\/albergueesplaibarcelona.com\/ca\/blog-ca\/barcelona-en-familia-ca\/baltasar-de-veritat-catalunya\/#primaryimage","url":"https:\/\/albergueesplaibarcelona.com\/wp-content\/uploads\/2019\/12\/portada_reismags.jpg","contentUrl":"https:\/\/albergueesplaibarcelona.com\/wp-content\/uploads\/2019\/12\/portada_reismags.jpg","width":986,"height":353},{"@type":"BreadcrumbList","@id":"https:\/\/albergueesplaibarcelona.com\/ca\/blog-ca\/barcelona-en-familia-ca\/baltasar-de-veritat-catalunya\/#breadcrumb","itemListElement":[{"@type":"ListItem","position":1,"name":"Inici","item":"https:\/\/albergueesplaibarcelona.com\/ca\/el-albergue\/"},{"@type":"ListItem","position":2,"name":"Blog","item":"https:\/\/albergueesplaibarcelona.com\/ca\/blog-ca\/"},{"@type":"ListItem","position":3,"name":"Barcelona en fam\u00edlia","item":"https:\/\/albergueesplaibarcelona.com\/ca\/blog-ca\/barcelona-en-familia-ca\/"},{"@type":"ListItem","position":4,"name":"Un #BaltasarDeVeritat pels municipis de Catalunya!"}]},{"@type":"WebSite","@id":"https:\/\/albergueesplaibarcelona.com\/ca\/#website","url":"https:\/\/albergueesplaibarcelona.com\/ca\/","name":"Alberg Centre Esplai","description":"Alberg","publisher":{"@id":"https:\/\/albergueesplaibarcelona.com\/ca\/#organization"},"potentialAction":[{"@type":"SearchAction","target":{"@type":"EntryPoint","urlTemplate":"https:\/\/albergueesplaibarcelona.com\/ca\/?s={search_term_string}"},"query-input":{"@type":"PropertyValueSpecification","valueRequired":true,"valueName":"search_term_string"}}],"inLanguage":"ca"},{"@type":"Organization","@id":"https:\/\/albergueesplaibarcelona.com\/ca\/#organization","name":"Albergue Centre Esplai","url":"https:\/\/albergueesplaibarcelona.com\/ca\/","logo":{"@type":"ImageObject","inLanguage":"ca","@id":"https:\/\/albergueesplaibarcelona.com\/ca\/#\/schema\/logo\/image\/","url":"https:\/\/albergueesplaibarcelona.com\/wp-content\/uploads\/2020\/12\/logo_alberg_centre_esplai-e1608117409320.png","contentUrl":"https:\/\/albergueesplaibarcelona.com\/wp-content\/uploads\/2020\/12\/logo_alberg_centre_esplai-e1608117409320.png","width":500,"height":241,"caption":"Albergue Centre Esplai"},"image":{"@id":"https:\/\/albergueesplaibarcelona.com\/ca\/#\/schema\/logo\/image\/"}},{"@type":"Person","@id":"https:\/\/albergueesplaibarcelona.com\/ca\/#\/schema\/person\/207b9e504146116f51fecbd705c33396","name":"Cristina Espinosa Colom\u00e9","image":{"@type":"ImageObject","inLanguage":"ca","@id":"https:\/\/secure.gravatar.com\/avatar\/5c055e483e79baf8f2898f968d705db458690241795f16b3e0ff8fd47bdac10e?s=96&d=mm&r=g","url":"https:\/\/secure.gravatar.com\/avatar\/5c055e483e79baf8f2898f968d705db458690241795f16b3e0ff8fd47bdac10e?s=96&d=mm&r=g","contentUrl":"https:\/\/secure.gravatar.com\/avatar\/5c055e483e79baf8f2898f968d705db458690241795f16b3e0ff8fd47bdac10e?s=96&d=mm&r=g","caption":"Cristina Espinosa Colom\u00e9"},"url":"https:\/\/albergueesplaibarcelona.com\/ca\/author\/cespinosa\/"}]}},"_links":{"self":[{"href":"https:\/\/albergueesplaibarcelona.com\/ca\/wp-json\/wp\/v2\/posts\/7313","targetHints":{"allow":["GET"]}}],"collection":[{"href":"https:\/\/albergueesplaibarcelona.com\/ca\/wp-json\/wp\/v2\/posts"}],"about":[{"href":"https:\/\/albergueesplaibarcelona.com\/ca\/wp-json\/wp\/v2\/types\/post"}],"author":[{"embeddable":true,"href":"https:\/\/albergueesplaibarcelona.com\/ca\/wp-json\/wp\/v2\/users\/6"}],"replies":[{"embeddable":true,"href":"https:\/\/albergueesplaibarcelona.com\/ca\/wp-json\/wp\/v2\/comments?post=7313"}],"version-history":[{"count":49,"href":"https:\/\/albergueesplaibarcelona.com\/ca\/wp-json\/wp\/v2\/posts\/7313\/revisions"}],"predecessor-version":[{"id":7433,"href":"https:\/\/albergueesplaibarcelona.com\/ca\/wp-json\/wp\/v2\/posts\/7313\/revisions\/7433"}],"wp:featuredmedia":[{"embeddable":true,"href":"https:\/\/albergueesplaibarcelona.com\/ca\/wp-json\/wp\/v2\/media\/7348"}],"wp:attachment":[{"href":"https:\/\/albergueesplaibarcelona.com\/ca\/wp-json\/wp\/v2\/media?parent=7313"}],"wp:term":[{"taxonomy":"category","embeddable":true,"href":"https:\/\/albergueesplaibarcelona.com\/ca\/wp-json\/wp\/v2\/categories?post=7313"},{"taxonomy":"post_tag","embeddable":true,"href":"https:\/\/albergueesplaibarcelona.com\/ca\/wp-json\/wp\/v2\/tags?post=7313"}],"curies":[{"name":"wp","href":"https:\/\/api.w.org\/{rel}","templated":true}]}}