{"id":15305,"date":"2021-04-27T13:15:31","date_gmt":"2021-04-27T11:15:31","guid":{"rendered":"https:\/\/albergueesplaibarcelona.com\/?p=15305"},"modified":"2026-04-24T11:15:57","modified_gmt":"2026-04-24T09:15:57","slug":"the-6-best-places-to-see-the-sunset-in-barcelona","status":"publish","type":"post","link":"https:\/\/albergueesplaibarcelona.com\/en\/blog-en\/barcelona-with-kids\/the-6-best-places-to-see-the-sunset-in-barcelona\/","title":{"rendered":"The 10 best places to watch the sunset in Barcelona"},"content":{"rendered":"<p>[et_pb_section fb_built=&#8221;1&#8243; admin_label=&#8221;section&#8221; _builder_version=&#8221;4.16&#8243; global_colors_info=&#8221;{}&#8221;][et_pb_row admin_label=&#8221;row&#8221; _builder_version=&#8221;4.16&#8243; background_size=&#8221;initial&#8221; background_position=&#8221;top_left&#8221; background_repeat=&#8221;repeat&#8221; global_colors_info=&#8221;{}&#8221;][et_pb_column type=&#8221;4_4&#8243; _builder_version=&#8221;4.16&#8243; custom_padding=&#8221;|||&#8221; global_colors_info=&#8221;{}&#8221; custom_padding__hover=&#8221;|||&#8221;][et_pb_text _builder_version=&#8221;4.27.5&#8243; _module_preset=&#8221;default&#8221; global_colors_info=&#8221;{}&#8221;]<\/p>\n<p>Are you looking for the best <strong>viewpoints in Barcelona<\/strong> to enjoy a unique experience? Watching a <strong>sunset in Barcelona<\/strong> is one of the essential activities for travelers, families, groups of friends or couples who want <strong>to see the city from a different perspective<\/strong>. The viewpoints offer <strong>panoramic and spectacular views<\/strong> of the mountains, the sea and the most emblematic monuments of the city of Barcelona and its surroundings, and are ideal for relaxing, taking photographs or simply sharing special moments.  <\/p>\n<p>At <a href=\"https:\/\/albergueesplaibarcelona.com\/en\/\">Alberg Centre Esplai<\/a> we have always been fascinated <strong>by discovering a city or a landscape from other points of view<\/strong>, especially when it comes with a beautiful sunset. A spectacle of colors you will remember forever! No matter when you travel, it is a different experience that combines <strong>views, disconnection and shared memories<\/strong>.  <\/p>\n<p>If you&#8217;re wondering where to watch the sunset in the Catalan capital, here you&#8217;ll find options of all kinds and for all tastes: quiet corners, beaches, mountains and urban viewpoints. Are you ready to discover the <strong>10 best viewpoints to watch the sunset in Barcelona<\/strong>? <\/p>\n<blockquote>\n<p>And remember, if you need <strong>accommodation close to Barcelona and natural spaces<\/strong> where you can enjoy these and other magical corners, we are waiting for you at the <strong>Alberg de Centre Esplai<\/strong>!<\/p>\n<\/blockquote>\n<p>[\/et_pb_text][et_pb_button button_url=&#8221;https:\/\/albergueesplaibarcelona.com\/en\/&#8221; button_text=&#8221;Stay at Alberg Centre Esplai&#8221; button_alignment=&#8221;center&#8221; _builder_version=&#8221;4.27.5&#8243; _module_preset=&#8221;default&#8221; custom_margin=&#8221;30px||||false|false&#8221; global_colors_info=&#8221;{}&#8221;][\/et_pb_button][et_pb_divider _builder_version=&#8221;4.16&#8243; _module_preset=&#8221;default&#8221; custom_margin=&#8221;40px||20px||false|false&#8221; global_colors_info=&#8221;{}&#8221;][\/et_pb_divider][\/et_pb_column][\/et_pb_row][et_pb_row _builder_version=&#8221;4.16&#8243; _module_preset=&#8221;default&#8221; global_colors_info=&#8221;{}&#8221;][et_pb_column type=&#8221;4_4&#8243; _builder_version=&#8221;4.16&#8243; _module_preset=&#8221;default&#8221; global_colors_info=&#8221;{}&#8221;][et_pb_text admin_label=&#8221;1. Jardins del Museu Nacional d&#8217;Art de Catalunya&#8221; _builder_version=&#8221;4.27.5&#8243; _module_preset=&#8221;default&#8221; global_colors_info=&#8221;{}&#8221;]<\/p>\n<h3 id=\"miradormnac\">1. Gardens of the National Art Museum of Catalonia<\/h3>\n<p>The <strong>National Art Museum of Catalonia<\/strong> is located on the <strong>mountain of Montju\u00efc and getting there is very easy<\/strong>: from Pla\u00e7a d&#8217;Espanya you will have to walk along Avinguda Reina Maria Cristina until you find the stairs to go up to the <strong>MNAC<\/strong>. As you go up you will be able to see the famous Font M\u00e0gica de Montju\u00efc and the Palau Victoria Eug\u00e8nia, until you reach the museum. From here you will have <strong>impressive views of the entire city of Barcelona<\/strong>. It is a good time to <strong>sit, rest and appreciate this great landscape<\/strong> with a beautiful sunset!   <\/p>\n<p><strong>\u2139\ufe0f How to get to Pla\u00e7a Espanya by public transport?<\/strong><\/p>\n<ul>\n<li>Railways of the Generalitat de Catalunya: R5, R6, R50, R60, S3, S4, S8, S9 and L8.<\/li>\n<li>Metro lines: L1 and L3<\/li>\n<li>Bus: D40, V7, X2, 23, 46, 65, 150, 108, 180<\/li>\n<\/ul>\n<p>[\/et_pb_text][et_pb_image src=&#8221;https:\/\/albergueesplaibarcelona.com\/wp-content\/uploads\/2026\/04\/Vistes-des-del-MNAC-1.jpg&#8221; alt=&#8221;Sunset from the MNAC&#8221; title_text=&#8221;Views from the MNAC&#8221; _builder_version=&#8221;4.27.5&#8243; _module_preset=&#8221;default&#8221; custom_margin=&#8221;||||false|false&#8221; global_colors_info=&#8221;{}&#8221;][\/et_pb_image][et_pb_text admin_label=&#8221;2. Bunkers del Carmel&#8221; _builder_version=&#8221;4.27.5&#8243; _module_preset=&#8221;default&#8221; custom_margin=&#8221;50px||||false|false&#8221; global_colors_info=&#8221;{}&#8221;]<\/p>\n<h3>2. Carmel Bunkers<\/h3>\n<p>The Carmel Bunkers &#8211; Tur\u00f3 de la Rovira are part of the <a href=\"https:\/\/albergueesplaibarcelona.com\/en\/blog-en\/what-to-do\/10-locations-around-barcelona-that-should-not-be-missed\/\">10 places in Barcelona that you can&#8217;t miss<\/a> . It is <strong>a popular viewpoint located at the top of Tur\u00f3 de la Rovira<\/strong> (north of the Horta i Guinard\u00f3 neighborhood). It has a height of 262 meters, which allows us to have <strong>360\u00ba views of Barcelona<\/strong>. In addition, these bunkers <strong>are the remains of what was an anti-aircraft battery during the Spanish Civil War<\/strong>. So, it&#8217;s time to <strong>breathe history while watching the sunset from one of the most wonderful viewpoints in the city (and free!).<\/strong>     <\/p>\n<p><strong>\u2139\ufe0f How to get there by public transport?<\/strong><\/p>\n<ul>\n<li>Bus: With lines 22, 24, 119, N4 and N5 you will reach the Gran Vista &#8211; Pl Mitja Lluna stop, from where you will have to walk about 10 minutes to reach the viewpoint.<\/li>\n<\/ul>\n<p>\u26a0\ufe0f <strong>Restricted hours to avoid crowds<\/strong><\/p>\n<ul>\n<li>In winter, from 9 am to 5:30 pm.<\/li>\n<li>In summer, from 9 am to 7:30 pm.<\/li>\n<li>At night, access is closed.<\/li>\n<\/ul>\n<p>[\/et_pb_text][et_pb_image src=&#8221;https:\/\/albergueesplaibarcelona.com\/wp-content\/uploads\/2026\/04\/Bunkers-el-Carmel.jpg&#8221; alt=&#8221;Carmel Bunkers&#8221; title_text=&#8221;Bunkers el Carmel&#8221; _builder_version=&#8221;4.27.5&#8243; _module_preset=&#8221;default&#8221; global_colors_info=&#8221;{}&#8221;][\/et_pb_image][et_pb_text admin_label=&#8221;3. Mirador del Migdia&#8221; _builder_version=&#8221;4.27.5&#8243; _module_preset=&#8221;default&#8221; custom_margin=&#8221;50px||||false|false&#8221; global_colors_info=&#8221;{}&#8221;]<\/p>\n<h3>3. Mirador del Migdia<\/h3>\n<p>The <strong>Mirador del Migdia Park<\/strong> is located on the southern slope of Montju\u00efc mountain. <strong>It is a great option if you want to take a nice walk<\/strong> and end it with breathtaking views. It is a space that has many paths that allow you to walk throughout this area of \u200b\u200bthe mountain, therefore, it is perfect for all those families who want <strong>to plan a day of excursion with a final gift: the sunset with sea views<\/strong>! You will also find a picnic area with several wooden tables and benches in case you bring your sandwiches! <\/p>\n<p><strong>\u2139\ufe0f How to get there by public transport?<\/strong><\/p>\n<ul>\n<li>Metro lines: L1, L3 and L10s.<\/li>\n<li>Railways of the Generalitat de Catalunya: R5, R6, R50, R60, S3, S4, S8, S9 and L8.<\/li>\n<li>Bus: 13, 150 and 55.<\/li>\n<li>You have to keep in mind that, whichever public transport you take, <strong>you will have to walk for a while to reach the viewpoint<\/strong>.<\/li>\n<\/ul>\n<p>[\/et_pb_text][et_pb_image src=&#8221;https:\/\/albergueesplaibarcelona.com\/wp-content\/uploads\/2026\/04\/Vistes-Mirador-del-Migdia-1.jpg&#8221; alt=&#8221;Mirador del Migdia&#8221; title_text=&#8221;Views from the Midday Viewpoint&#8221; _builder_version=&#8221;4.27.5&#8243; _module_preset=&#8221;default&#8221; global_colors_info=&#8221;{}&#8221;][\/et_pb_image][et_pb_text admin_label=&#8221;4. Delta del Llobregat&#8221; _builder_version=&#8221;4.27.5&#8243; _module_preset=&#8221;default&#8221; custom_margin=&#8221;50px||||false|false&#8221; global_colors_info=&#8221;{}&#8221;]<\/p>\n<h3>4. Delta del Llobregat<\/h3>\n<p>If you are looking for a <strong>quieter place<\/strong> to watch the sun set, the Llobregat Delta is ideal! Here you can enjoy the <strong>calm of the Mediterranean Sea<\/strong> and see from the viewpoints how the sun reflects on the water, surrounded by nature and far from the noise of the city. You can <strong>walk along the paths<\/strong> of the park and observe the <strong>local fauna and flora<\/strong>. A different and relaxing experience that combines a natural space with spectacular views. In this natural park you will find several viewpoints such as Cal Franc\u00e8s and La Bunyola. You can also take the opportunity to see how the planes land at <a href=\"https:\/\/albergueesplaibarcelona.com\/en\/blog-en\/what-to-do\/do-you-want-to-see-the-planes-up-close-el-prat-de-llobregats-viewpoint\/\"><strong>the Airport viewpoint, in El Prat de Llobregat<\/strong><\/a>.     <\/p>\n<p>\u2139\ufe0f <strong>How to get there?<\/strong><\/p>\n<ul>\n<li>The best option is to go there by car and walk a bit. You can also take the L9 metro and get off at Les Moreres. <\/li>\n<\/ul>\n<blockquote>\n<p>If you stay at the <a href=\"https:\/\/albergueesplaibarcelona.com\/en\/\">Alberg Centre Esplai<\/a>, you will have the <strong>Llobregat Delta just 5 minutes away<\/strong>, ideal for an easy escape to see the sunset!<\/p>\n<\/blockquote>\n<p>[\/et_pb_text][et_pb_image src=&#8221;https:\/\/albergueesplaibarcelona.com\/wp-content\/uploads\/2026\/04\/Delta-del-Lobregat.jpg&#8221; alt=&#8221;Park G\u00fcell Gardens&#8221; title_text=&#8221;Delta del Llobregat&#8221; disabled_on=&#8221;off|off|off&#8221; _builder_version=&#8221;4.27.5&#8243; _module_preset=&#8221;default&#8221; global_colors_info=&#8221;{}&#8221;][\/et_pb_image][et_pb_text admin_label=&#8221;5. Passeig Mar\u00edtim de la Barceloneta&#8221; _builder_version=&#8221;4.27.5&#8243; _module_preset=&#8221;default&#8221; custom_margin=&#8221;50px||||false|false&#8221; global_colors_info=&#8221;{}&#8221;]<\/p>\n<h3>5. Barceloneta Seafront Promenade<\/h3>\n<p>If you come to Barcelona and don&#8217;t visit the beach and the seafront promenade of Barceloneta, you won&#8217;t have seen the city in all its fullness! Seeing a <strong>sunset from the beach<\/strong> is priceless and, for this reason, this <strong>is one of the essential places you have to go.<\/strong> The Passeig Mar\u00edtim de la Barceloneta is a long path that <strong>provides tranquility and spectacular landscapes from the seashore<\/strong>. You can take the opportunity to walk and see the most beautiful colors that the sky can offer you during sunset.  <\/p>\n<p><strong>\u2139\ufe0f How to get there by public transport?<\/strong><\/p>\n<ul>\n<li>Metro: L4.<\/li>\n<li>Rodalies of Catalonia: R1, R2S, R14, R2N and R15.<\/li>\n<li>Bus: D20, 59, 47, D20, V15, V17 and V19.<\/li>\n<\/ul>\n<p>[\/et_pb_text][et_pb_image src=&#8221;https:\/\/albergueesplaibarcelona.com\/wp-content\/uploads\/2026\/04\/Passeig-Maritim-Barceloneta-1.jpg&#8221; alt=&#8221;Barcelona Seafront Promenade&#8221; title_text=&#8221;Barceloneta Maritime Promenade&#8221; _builder_version=&#8221;4.27.5&#8243; _module_preset=&#8221;default&#8221; global_colors_info=&#8221;{}&#8221;][\/et_pb_image][et_pb_text admin_label=&#8221;6. Muntanya del Tibidabo&#8221; _builder_version=&#8221;4.27.5&#8243; _module_preset=&#8221;default&#8221; custom_margin=&#8221;50px||||false|false&#8221; global_colors_info=&#8221;{}&#8221;]<\/p>\n<h3>6. Tibidabo Mountain<\/h3>\n<p>The Tibidabo mountain has a spectacular viewpoint! It is a <strong>panoramic area located 500 meters above sea level<\/strong>, therefore, it is the highest area of \u200b\u200bthe Serra de Collserola Natural Park. <strong>The privileged views from this mountain &#8211; also 360\u00ba &#8211; will show you the majesty of the city of Barcelona and its surroundings<\/strong>. In addition, you will also find the Tibidabo Amusement Park, a perfect place to spend a whole day with children and young people.  <\/p>\n<p><strong>\u2139\ufe0f How to get there by public transport?<\/strong><\/p>\n<ul>\n<li><strong>Tibibus shuttle T2A<\/strong>: to be able to take this bus that takes you to Tibidabo you will have to go to the Pla\u00e7a Catalunya stop using metro lines L1 and L3; FGC lines L6, L7, S1, S2; or Rodalies de Catalunya lines R1, R3, R4 and RG1.<\/li>\n<\/ul>\n<p>[\/et_pb_text][et_pb_image src=&#8221;https:\/\/albergueesplaibarcelona.com\/wp-content\/uploads\/2026\/04\/Parc-del-Tibidabo-1.jpg&#8221; alt=&#8221;Tibidabo Mountain&#8221; title_text=&#8221;Tibidabo Park&#8221; _builder_version=&#8221;4.27.5&#8243; _module_preset=&#8221;default&#8221; global_colors_info=&#8221;{}&#8221;][\/et_pb_image][et_pb_text admin_label=&#8221;7. Jardins del Parc G\u00fcell&#8221; _builder_version=&#8221;4.27.5&#8243; _module_preset=&#8221;default&#8221; custom_margin=&#8221;50px||||false|false&#8221; global_colors_info=&#8221;{}&#8221;]<\/p>\n<h3>7. Tur\u00f3 de les Tres Creus in Park G\u00fcell<\/h3>\n<p>The Tur\u00f3 de les Tres Creus is one of the most famous places in Park G\u00fcell. There you will find <strong>a viewpoint where you can see some of the best views of the city of Barcelona<\/strong>! In fact, it is the highest point in the park. Did you know that it was <strong>a very special place for Antoni Gaud\u00ed<\/strong>? In the end, he could not build the chapel, but instead he created <strong>a monument with prehistoric remains<\/strong>. Don&#8217;t miss these great views full of culture!    <\/p>\n<p><strong>\u2139\ufe0f How to get there by public transport?<\/strong><\/p>\n<ul>\n<li>Metro lines: L3.<\/li>\n<li>Bus: H6, D40, V19 and 24.<\/li>\n<\/ul>\n<p>[\/et_pb_text][et_pb_image src=&#8221;https:\/\/albergueesplaibarcelona.com\/wp-content\/uploads\/2026\/04\/Parc-Guell-1.jpg&#8221; alt=&#8221;Park G\u00fcell Gardens&#8221; title_text=&#8221;Park G\u00fcell&#8221; _builder_version=&#8221;4.27.5&#8243; _module_preset=&#8221;default&#8221; global_colors_info=&#8221;{}&#8221;][\/et_pb_image][et_pb_text admin_label=&#8221;8. Castell de Torre Bar\u00f3&#8221; _builder_version=&#8221;4.27.5&#8243; _module_preset=&#8221;default&#8221; custom_margin=&#8221;50px||||false|false&#8221; global_colors_info=&#8221;{}&#8221;]<\/p>\n<h3>8. Torre Bar\u00f3 Castle<\/h3>\n<p>Located in <strong>Collserola<\/strong> and listed as a <strong>cultural asset of local interest<\/strong>, this viewpoint offers spectacular views of the <strong>lesser-known neighborhoods of Barcelona<\/strong>. Ideal for a romantic afternoon or a getaway with your group, with the sun setting over the city as if it were a postcard. The <strong>history of the castle<\/strong> and its very high location give the place a special charm, combining <strong>history and landscape<\/strong>.  <\/p>\n<p>\u2139\ufe0f <strong>How to get there by public transport?<\/strong><\/p>\n<ul>\n<li>Metro: L3, L4, L11.<\/li>\n<li>Bus: 182.<\/li>\n<li>Rodalies of Catalonia: R4.<\/li>\n<\/ul>\n<p>[\/et_pb_text][et_pb_image src=&#8221;https:\/\/albergueesplaibarcelona.com\/wp-content\/uploads\/2026\/04\/Castell-de-Torre-Baro-1.jpg&#8221; alt=&#8221;Park G\u00fcell Gardens&#8221; title_text=&#8221;Torre Bar\u00f3 Castle&#8221; disabled_on=&#8221;off|off|off&#8221; _builder_version=&#8221;4.27.5&#8243; _module_preset=&#8221;default&#8221; global_colors_info=&#8221;{}&#8221;][\/et_pb_image][et_pb_text admin_label=&#8221;9. Telef\u00e8ric del Port&#8221; _builder_version=&#8221;4.27.5&#8243; _module_preset=&#8221;default&#8221; custom_margin=&#8221;50px||||false|false&#8221; global_colors_info=&#8221;{}&#8221;]<\/p>\n<h3>9. Port of Barcelona cable car<\/h3>\n<p>Do you want to enjoy a <strong>unique perspective of Barcelona<\/strong>? Climb aboard the cable car from the port and discover a sunset with <strong>panoramic views<\/strong> of the city&#8217;s most emblematic places. You&#8217;ll be able to see the city from the air and with the sea at your feet, making it a <strong>magical moment<\/strong> and ideal for taking some <strong>spectacular photographs<\/strong>.  <\/p>\n<p>The route, about <strong>1,292 meters<\/strong> long and lasting approximately <strong>10 minutes<\/strong>, takes you above the port in a calm but very exciting experience. The metal towers that support the route, with their characteristic structure, are part of <strong>the city&#8217;s historical heritage<\/strong>, giving even more charm to the experience. The Cable Car links the <strong>Sant Sebasti\u00e0 Tower<\/strong> in Barceloneta with <strong>the Miramar station<\/strong>, located on the mountain of Montju\u00efc, where you can continue discovering more impressive viewpoints of Barcelona.  <\/p>\n<p>\u2139\ufe0f<strong> How to get<\/strong> <strong>to the Torre de Sant Sebasti\u00e0 by public transport?<\/strong><\/p>\n<ul>\n<li>Metro: L4.<\/li>\n<li>Bus: V15, V19, 45, 59, D20 and 47.<\/li>\n<\/ul>\n<p>\u2139\ufe0f <strong>How to get to Miramar station by public transport?<\/strong><\/p>\n<ul>\n<li>Metro: L3 (and 16 minutes walk).<\/li>\n<li>Bus: 150, 55, BTCO.<\/li>\n<\/ul>\n<p>[\/et_pb_text][et_pb_image src=&#8221;https:\/\/albergueesplaibarcelona.com\/wp-content\/uploads\/2026\/04\/Teleferic-Port-de-Barcelona-2.jpg&#8221; alt=&#8221;Park G\u00fcell Gardens&#8221; title_text=&#8221;Cable Car Port of Barcelona&#8221; disabled_on=&#8221;off|off|off&#8221; _builder_version=&#8221;4.27.5&#8243; _module_preset=&#8221;default&#8221; global_colors_info=&#8221;{}&#8221;][\/et_pb_image][et_pb_text admin_label=&#8221;10. Rooftops&#8221; _builder_version=&#8221;4.27.5&#8243; _module_preset=&#8221;default&#8221; custom_margin=&#8221;50px||30px||false|false&#8221; global_colors_info=&#8221;{}&#8221;]<\/p>\n<h3>10. Rooftops<\/h3>\n<p>If you want to live an experience in the heights and in <strong>the heart of the city<\/strong>, Barcelona offers a wide variety of <strong>rooftops ideal for enjoying the sunset<\/strong>. From these outdoor terraces you can admire spectacular views of the city as the sun sets behind its most emblematic buildings. It is the perfect place to <strong>relax after a day of intense tourism<\/strong>, whether as a couple, with friends or with family. In addition, many of these spaces allow you <strong>to have something to drink<\/strong> and prolong the moment, turning the sunset into a complete experience, with a good atmosphere, good company and an <strong>unforgettable panorama of Barcelona<\/strong>.   <\/p>\n<p>[\/et_pb_text][et_pb_image src=&#8221;https:\/\/albergueesplaibarcelona.com\/wp-content\/uploads\/2026\/04\/Vistes-des-dun-Rooftop-1.jpg&#8221; alt=&#8221;Park G\u00fcell Gardens&#8221; title_text=&#8221;Views from a Rooftop&#8221; disabled_on=&#8221;off|off|off&#8221; _builder_version=&#8221;4.27.5&#8243; _module_preset=&#8221;default&#8221; global_colors_info=&#8221;{}&#8221;][\/et_pb_image][et_pb_text disabled_on=&#8221;on|on|on&#8221; admin_label=&#8221;10. Mirador d&#8217;Horta&#8221; _builder_version=&#8221;4.27.5&#8243; _module_preset=&#8221;default&#8221; custom_margin=&#8221;50px||||false|false&#8221; disabled=&#8221;on&#8221; global_colors_info=&#8221;{}&#8221;]<\/p>\n<h3>11. Horta Viewpoint<\/h3>\n<p>A <strong>quiet and romantic viewpoint<\/strong> with good views of the Sagrada Familia, Montju\u00efc and the sea. This space occupies the former site of the city&#8217;s gas tanks, demolished in 1991, and today <strong>benches, railings and a small parking area have been installed<\/strong> that make the stay comfortable and pleasant. You can take the opportunity to go <strong>for a picnic<\/strong> , and it is not usually crowded, which makes it a place that invites you to <strong>relax and escape the noise<\/strong>. In addition, it is ideal for watching the sunset and taking <strong>good photos of the city<\/strong>.   <\/p>\n<p>\u2139\ufe0f <strong>How to get there by public transport?<\/strong><\/p>\n<ul>\n<li>Metro: L3.<\/li>\n<li>Bus: V25, 27, H4 and 185.<\/li>\n<\/ul>\n<p>[\/et_pb_text][et_pb_image src=&#8221;https:\/\/albergueesplaibarcelona.com\/wp-content\/uploads\/2026\/04\/Vistes-des-del-Mirador-dHorta.jpg&#8221; alt=&#8221;Park G\u00fcell Gardens&#8221; title_text=&#8221;Views from the Horta Viewpoint&#8221; disabled_on=&#8221;on|on|on&#8221; _builder_version=&#8221;4.27.5&#8243; _module_preset=&#8221;default&#8221; disabled=&#8221;on&#8221; global_colors_info=&#8221;{}&#8221;][\/et_pb_image][\/et_pb_column][\/et_pb_row][et_pb_row disabled_on=&#8221;on|on|on&#8221; _builder_version=&#8221;4.27.5&#8243; _module_preset=&#8221;default&#8221; disabled=&#8221;on&#8221; global_colors_info=&#8221;{}&#8221;][et_pb_column type=&#8221;4_4&#8243; _builder_version=&#8221;4.16&#8243; _module_preset=&#8221;default&#8221; global_colors_info=&#8221;{}&#8221;][et_pb_divider _builder_version=&#8221;4.16&#8243; _module_preset=&#8221;default&#8221; custom_margin=&#8221;30px||20px||false|false&#8221; global_colors_info=&#8221;{}&#8221;][\/et_pb_divider][et_pb_text _builder_version=&#8221;4.16&#8243; _module_preset=&#8221;default&#8221; custom_margin=&#8221;||30px||false|false&#8221; global_colors_info=&#8221;{}&#8221;]<\/p>\n<p style=\"text-align: center;\"><strong>On this map you will find the locations of all the viewpoints that we have shown you in this post. This way it will be easier to locate them or continue your journey if you decide to use another type of transport to reach one of them! <\/strong><\/p>\n<p>[\/et_pb_text][et_pb_code _builder_version=&#8221;4.27.5&#8243; _module_preset=&#8221;default&#8221; text_orientation=&#8221;center&#8221; global_colors_info=&#8221;{}&#8221;]<iframe loading=\"lazy\" src=\"https:\/\/www.google.com\/maps\/d\/u\/0\/embed?mid=1dc4aqHpbsiLjOudaw8_PAhVTm08vRuW2\" width=\"1160\" height=\"480\"><\/iframe>[\/et_pb_code][\/et_pb_column][\/et_pb_row][et_pb_row _builder_version=&#8221;4.27.5&#8243; _module_preset=&#8221;default&#8221; global_colors_info=&#8221;{}&#8221;][et_pb_column type=&#8221;4_4&#8243; _builder_version=&#8221;4.16&#8243; _module_preset=&#8221;default&#8221; global_colors_info=&#8221;{}&#8221;][et_pb_divider _builder_version=&#8221;4.16&#8243; _module_preset=&#8221;default&#8221; custom_margin=&#8221;30px||20px||false|false&#8221; global_colors_info=&#8221;{}&#8221;][\/et_pb_divider][et_pb_text _builder_version=&#8221;4.27.5&#8243; _module_preset=&#8221;default&#8221; custom_margin=&#8221;||30px||false|false&#8221; global_colors_info=&#8221;{}&#8221;]<\/p>\n<p style=\"text-align: center;\">On this map <strong>you will find all the viewpoints that we have mentioned in this post located<\/strong> so that it is <strong>easier for you to locate them and plan your route<\/strong>. This way you can move comfortably between them, either on foot or by public transport, and <strong>make the most of your stay<\/strong>. <\/p>\n<p>[\/et_pb_text][et_pb_code _builder_version=&#8221;4.27.5&#8243; _module_preset=&#8221;default&#8221; text_orientation=&#8221;center&#8221; global_colors_info=&#8221;{}&#8221;]<iframe loading=\"lazy\" src=\"https:\/\/www.google.com\/maps\/d\/embed?mid=1TYyMwFmPRaC-gEzCWLoUoX3t02l4YIQ&amp;ehbc=2E312F\" width=\"640\" height=\"480\"><\/iframe>[\/et_pb_code][\/et_pb_column][\/et_pb_row][et_pb_row _builder_version=&#8221;4.16&#8243; _module_preset=&#8221;default&#8221; global_colors_info=&#8221;{}&#8221;][et_pb_column type=&#8221;4_4&#8243; _builder_version=&#8221;4.16&#8243; _module_preset=&#8221;default&#8221; global_colors_info=&#8221;{}&#8221;][et_pb_divider _builder_version=&#8221;4.16&#8243; _module_preset=&#8221;default&#8221; custom_margin=&#8221;40px||20px||false|false&#8221; global_colors_info=&#8221;{}&#8221;][\/et_pb_divider][et_pb_text _builder_version=&#8221;4.27.5&#8243; _module_preset=&#8221;default&#8221; global_colors_info=&#8221;{}&#8221;]<\/p>\n<p>Barcelona&#8217;s sunsets are captivating and we&#8217;re not surprised. From its viewpoints, rooftops and natural spaces, you can <strong>discover a different side of the city<\/strong>, full of orange and pink colors, calm and <strong>unique moments to share with your family or group of friends<\/strong>. Now that you know the <strong>best places in Barcelona to see sunsets<\/strong>, all you have to do is choose your favorite viewpoint and enjoy the experience!  <\/p>\n<p>And if all these viewpoints in Barcelona haven&#8217;t had enough, <strong>don&#8217;t hesitate to take a look at all these other tourist attractions<\/strong>:<\/p>\n<ul>\n<li><a href=\"https:\/\/albergueesplaibarcelona.com\/en\/blog-en\/what-to-do\/10-locations-around-barcelona-that-should-not-be-missed\/\">10 Places in Barcelona that you can&#8217;t miss<\/a>.<\/li>\n<li><a href=\"https:\/\/albergueesplaibarcelona.com\/en\/blog-en\/what-to-do\/visit-casa-del-semaforo-in-el-prat-de-llobregat\/\">Visit the Casa del Semafor in El Prat de Llobregat!<\/a><\/li>\n<li><a href=\"https:\/\/albergueesplaibarcelona.com\/en\/blog-en\/what-to-do\/do-you-want-to-see-the-planes-up-close-el-prat-de-llobregats-viewpoint\/\">Do you want to see the planes up close? Mirador del Prat de Llobregat <\/a>.<\/li>\n<li><a href=\"https:\/\/albergueesplaibarcelona.com\/en\/blog-en\/natural-escapes\/12-stunning-natural-areas-near-barcelona\/\">12 Impressive Natural Spaces near Barcelona<\/a>.<\/li>\n<li><a href=\"https:\/\/albergueesplaibarcelona.com\/en\/blog-en\/natural-escapes\/trail-through-the-llobregat-delta-el-remolar-and-las-filipinas\/\">Route through the Llobregat Delta: El Remolar and the Philippines<\/a>.<\/li>\n<\/ul>\n<p>[\/et_pb_text][\/et_pb_column][\/et_pb_row][\/et_pb_section]<\/p>\n","protected":false},"excerpt":{"rendered":"<p>What could be better than trying to go to viewpoints in a city like Barcelona with a beautiful sunset? They will surely leave you breathless! <\/p>\n","protected":false},"author":6,"featured_media":23887,"comment_status":"open","ping_status":"open","sticky":false,"template":"","format":"standard","meta":{"_et_pb_use_builder":"on","_et_pb_old_content":"<p>[et_pb_section fb_built=\"1\" admin_label=\"section\" _builder_version=\"3.22\" global_colors_info=\"{}\"][et_pb_row admin_label=\"row\" _builder_version=\"3.25\" background_size=\"initial\" background_position=\"top_left\" background_repeat=\"repeat\" global_colors_info=\"{}\"][et_pb_column type=\"4_4\" _builder_version=\"3.25\" custom_padding=\"|||\" global_colors_info=\"{}\" custom_padding__hover=\"|||\"][et_pb_text _builder_version=\"4.7.7\" _module_preset=\"default\" global_colors_info=\"{}\"]<strong>Els miradors s\u00f3n punts estrat\u00e8gics elevats des del qual podem contemplar un paisatge o una ciutat<\/strong>. Has estat mai en un? Les <strong>vistes<\/strong> que ens ofereixen acostumen a ser <strong>molt panor\u00e0miques o incl\u00fas de 360\u00ba<\/strong>, s\u00f3n impressionants! I qu\u00e8 millor que provar d'anar a miradors d'una ciutat com <a href=\"https:\/\/ca.wikipedia.org\/wiki\/Barcelona\">Barcelona<\/a> quan se'n va el sol? Des d'aquest tipus de miradors <strong>podrem veure muntanya, mar o construccions i monuments de la ciutat que et deixaran sense al\u00e8<\/strong>!<\/p><p>Des de <a href=\"https:\/\/fundesplai.org\/ca\/\">Fundesplai<\/a> sempre ens ha fascinat <strong>descobrir una ciutat o un paisatge amb altres punts de vista, i m\u00e9s si \u00e9s amb una espectacular posta de sol<\/strong>. D'aquesta manera tenim una <strong>perspectiva totalment diferent de la que acostumem a tenir vivint dins aquestes ciutats o passejant pels senders de les muntanyes<\/strong>! Est\u00e0s a punt per saber quins s\u00f3n els 6 millors miradors per veure la posta de sol que hi ha a Barcelona?<\/p><p><strong>Endavant!<\/strong><br \/>[\/et_pb_text][et_pb_text _builder_version=\"4.7.7\" _module_preset=\"default\" global_colors_info=\"{}\"][\/et_pb_text][et_pb_divider _builder_version=\"4.7.7\" _module_preset=\"default\" custom_margin=\"40px||20px||false|false\" global_colors_info=\"{}\"][\/et_pb_divider][\/et_pb_column][\/et_pb_row][et_pb_row _builder_version=\"4.7.7\" _module_preset=\"default\" global_colors_info=\"{}\"][et_pb_column type=\"4_4\" _builder_version=\"4.7.7\" _module_preset=\"default\" global_colors_info=\"{}\"][et_pb_text admin_label=\"1. Jardins del Museu Nacional d'Art de Catalunya\" _builder_version=\"4.7.7\" _module_preset=\"default\" global_colors_info=\"{}\"]<\/p><h3 id=\"miradormnac\">1. Jardins del Museu Nacional d'Art de Catalunya<\/h3><p>El <a href=\"https:\/\/www.museunacional.cat\/ca\">Museu Nacional d'Art de Catalunya<\/a> <strong>es troba a la <a href=\"https:\/\/ca.wikipedia.org\/wiki\/Montju%C3%AFc_(Barcelona)\">muntanya de Montju\u00efc<\/a> i arribar-hi \u00e9s molt i molt f\u00e0cil<\/strong>: <strong>des de <a href=\"https:\/\/ca.wikipedia.org\/wiki\/Pla%C3%A7a_d%27Espanya_(Barcelona)\">Pla\u00e7a d'Espanya<\/a> haur\u00e0s de caminar per l'Avinguda Reina Maria Cristina fins que trobem les escales per pujar fins a l'MNAC<\/strong>. Mentre pugis podr\u00e0s veure la famosa <a href=\"https:\/\/ca.wikipedia.org\/wiki\/Font_m%C3%A0gica_de_Montju%C3%AFc\">Font M\u00e0gica de Montju\u00efc<\/a> i el <a href=\"https:\/\/ca.wikipedia.org\/wiki\/Palaus_d%27Alfons_XIII_i_Vict%C3%B2ria_Eug%C3%A8nia\">Palau Vict\u00f2ria Eug\u00e8nia<\/a>, fins a arribar al museu. Des d'aqu\u00ed tindr\u00e0s unes <strong>vistes impressionants de tota la ciutat de Barcelona<\/strong>. \u00c9s un bon moment per <strong>seure, descansar i apreciar aquest gran paisatge<\/strong> amb una bonica posta de sol!<\/p><p>\u00a0<\/p><ul><li style=\"list-style-type: none;\"><ul><li><strong>Com arribar fins a Pla\u00e7a Espanya en transport p\u00fablic?<\/strong><ul><li>Ferrocarrils de la Generalitat de Catalunya: <a href=\"https:\/\/www.fgc.cat\/xarxa-fgc\/l-llobregat-anoia\/linies-i-horaris-llobregat-anoia-r5-barcelona-placa-espanya-manresa\/\">R5<\/a>, <a href=\"https:\/\/www.fgc.cat\/xarxa-fgc\/l-llobregat-anoia\/linies-i-horaris-llobregat-anoia-r6-barcelona-placa-espanya-igualada\/\">R6<\/a>, <a href=\"https:\/\/www.fgc.cat\/xarxa-fgc\/l-llobregat-anoia\/linies-i-horaris-llobregat-anoia-r50-barcelona-placa-espanya-manresa\/\">R50<\/a>, <a href=\"https:\/\/www.fgc.cat\/xarxa-fgc\/l-llobregat-anoia\/linies-i-horaris-llobregat-anoia-r60-barcelona-placa-espanya-igualada\/\">R60<\/a>, <a href=\"https:\/\/www.fgc.cat\/xarxa-fgc\/l-llobregat-anoia\/linies-i-horaris-llobregat-anoia-s3-barcelona-placa-espanya-can-ros\/\">S3<\/a>, <a href=\"https:\/\/www.fgc.cat\/xarxa-fgc\/l-llobregat-anoia\/linies-i-horaris-llobregat-anoia-s4-barcelona-placa-espanya-olesa-de-montserrat\/\">S4<\/a>, <a href=\"https:\/\/www.fgc.cat\/xarxa-fgc\/l-llobregat-anoia\/linies-i-horaris-llobregat-anoia-s8-barcelona-placa-espanya-martorell-enllac\/\">S8<\/a>, <a href=\"https:\/\/www.fgc.cat\/xarxa-fgc\/l-llobregat-anoia\/linies-i-horaris-llobregat-anoia-s9-barcelona-placa-espanya-quatre-camins\/\">S9<\/a> i <a href=\"https:\/\/www.fgc.cat\/xarxa-fgc\/l-llobregat-anoia\/linies-i-horaris-llobregat-anoia-l8-barcelona-placa-espanya-moli-nou\/\">L8<\/a>.<\/li><li>L\u00ednies de Metro: <a href=\"https:\/\/www.tmb.cat\/ca\/barcelona\/metro\/-\/lineametro\/L1\">L1<\/a> i\u00a0<a href=\"https:\/\/www.tmb.cat\/ca\/barcelona\/metro\/-\/lineametro\/L3\">L3<\/a><\/li><\/ul><\/li><\/ul><\/li><\/ul><p>[\/et_pb_text][et_pb_image src=\"https:\/\/albergueesplaibarcelona.com\/wp-content\/uploads\/2021\/03\/mnac_postadesol.jpg\" alt=\"Posta de sol des de l'MNAC\" title_text=\"Posta de sol des de l'MNAC\" _builder_version=\"4.7.7\" _module_preset=\"default\" global_colors_info=\"{}\"][\/et_pb_image][et_pb_text admin_label=\"2. Bunkers del Carmel\" _builder_version=\"4.7.7\" _module_preset=\"default\" custom_margin=\"50px||||false|false\" global_colors_info=\"{}\"]<\/p><h3>2. B\u00fankers del Carmel<\/h3><p><a href=\"https:\/\/albergueesplaibarcelona.com\/ca\/blog-ca\/que_fer\/10-llocs-de-barcelona-que-no-et-pots-perdre\/\">M\u00e9s d'una vegada t'hem parlat dels B\u00fankers del Carmel - Tur\u00f3 de la Rovira<\/a>, i \u00e9s que \u00e9s un lloc que no et pots perdre! Es tracta d'<strong>un mirador que es troba a la cima del <a href=\"https:\/\/ca.wikipedia.org\/wiki\/Tur%C3%B3_de_la_Rovira_(Barcelona)\">Tur\u00f3 de la Rovira<\/a><\/strong> (nord del barri d'<a href=\"https:\/\/ca.wikipedia.org\/wiki\/Horta-Guinard%C3%B3\">Horta i Guinard\u00f3<\/a>). T\u00e9 una altura de 262 metres, cosa que <strong>ens permet tenir unes vistes de Barcelona en 360\u00ba<\/strong>. Impressionant! Veritat? Per\u00f2 la part m\u00e9s al\u00b7lucinant no acaba aqu\u00ed: aquests b\u00fankers <strong>s\u00f3n restes del que va ser una <a href=\"https:\/\/es.wikipedia.org\/wiki\/Bater%C3%ADas_antia%C3%A9reas_del_Carmelo\">bateria antia\u00e8ria<\/a> durant la Guerra Civil d'Espanya<\/strong>. Aix\u00ed doncs,<strong> \u00e9s moment de respirar hist\u00f2ria mentre observem la posta de sol des d'un dels miradors m\u00e9s meravellosos de la ciutat<\/strong>.<\/p><p>\u00a0<\/p><ul><li style=\"list-style-type: none;\"><ul><li><strong>Com arribar fins als B\u00fankers del Carmel en transport p\u00fablic?<\/strong><ul><li>Autob\u00fas: Amb les l\u00ednies<a href=\"https:\/\/www.tmb.cat\/ca\/barcelona\/autobusos\/-\/lineabus\/V17\"> V17<\/a>, <a href=\"https:\/\/www.tmb.cat\/ca\/barcelona\/autobusos\/-\/lineabus\/24\">24<\/a>, <a href=\"https:\/\/www.tmb.cat\/ca\/barcelona\/autobusos\/-\/lineabus\/119\">119<\/a>, <a href=\"https:\/\/www.ambmobilitat.cat\/Principales\/TiraLinea.aspx?linea=227\">N4<\/a> i <a href=\"https:\/\/www.ambmobilitat.cat\/Principales\/TiraLinea.aspx?linea=228\">N5<\/a> arribar\u00e0s a la parada Gran Vista - Pl Mitja Lluna, des d'on haur\u00e0s de caminar uns 10 minuts fins a arribar al mirador.<\/li><\/ul><\/li><\/ul><\/li><\/ul><p>[\/et_pb_text][et_pb_image src=\"https:\/\/albergueesplaibarcelona.com\/wp-content\/uploads\/2021\/03\/4873865060_7457a661ed_o.jpg\" alt=\"Bunkers Carmel\" title_text=\"Bunkers Carmel\" _builder_version=\"4.7.7\" _module_preset=\"default\" global_colors_info=\"{}\"][\/et_pb_image][et_pb_text admin_label=\"3. Mirador del Migdia\" _builder_version=\"4.7.7\" _module_preset=\"default\" custom_margin=\"50px||||false|false\" global_colors_info=\"{}\"]<\/p><h3>3. Mirador del Migdia<\/h3><p>El <a href=\"https:\/\/ca.wikipedia.org\/wiki\/Parc_del_Mirador_del_Migdia\">Parc del Mirador del Migdia<\/a> es troba al vessant sud de la <a href=\"https:\/\/ca.wikipedia.org\/wiki\/Montju%C3%AFc_(Barcelona)\">muntanya de Montju\u00efc<\/a>. <strong>\u00c9s una opci\u00f3 genial si tens ganes de fer un bon passeig i acabar-lo amb unes vistes que et deixen sense al\u00e8<\/strong>. Es tracta d'un espai que t\u00e9 molts senders que permeten passejar per tota aquesta zona de la muntanya, per tant, \u00e9s p<strong>erfecte per a totes aquelles fam\u00edlies que vulguin planejar un dia d'excursi\u00f3 amb un regal final: la posta de sol amb vistes al mar<\/strong>! Tamb\u00e9 hi trobar\u00e0s una zona de p\u00edcnic amb diverses taules i bancs de fusta per si porteu els vostres entrepans!<\/p><p>\u00a0<\/p><ul><li style=\"list-style-type: none;\"><ul><li><strong>Com arribar al Mirador del Migdia en transport p\u00fablic?<\/strong><ul><li>L\u00ednies de Metro: <a href=\"https:\/\/www.tmb.cat\/ca\/barcelona\/metro\/-\/lineametro\/L2\">L2<\/a>, <a href=\"https:\/\/www.tmb.cat\/ca\/barcelona\/metro\/-\/lineametro\/L3\">L3<\/a> i <a href=\"https:\/\/www.tmb.cat\/ca\/barcelona\/metro\/-\/lineametro\/L10S\">L10s<\/a>.<\/li><li>Ferrocarrils de la Generalitat de Catalunya: <a href=\"https:\/\/www.fgc.cat\/xarxa-fgc\/l-llobregat-anoia\/linies-i-horaris-llobregat-anoia-s3-barcelona-placa-espanya-can-ros\/\">S3<\/a>, <a href=\"https:\/\/www.fgc.cat\/xarxa-fgc\/l-llobregat-anoia\/linies-i-horaris-llobregat-anoia-s4-barcelona-placa-espanya-olesa-de-montserrat\/\">S4<\/a> i <a href=\"https:\/\/www.fgc.cat\/xarxa-fgc\/l-llobregat-anoia\/linies-i-horaris-llobregat-anoia-s8-barcelona-placa-espanya-martorell-enllac\/\">S8<\/a>.<\/li><li>Autob\u00fas:<a href=\"https:\/\/www.tmb.cat\/ca\/barcelona\/autobusos\/-\/lineabus\/13\"> 13<\/a>, <a href=\"https:\/\/www.tmb.cat\/ca\/barcelona\/autobusos\/-\/lineabus\/150\">150<\/a> i <a href=\"https:\/\/www.tmb.cat\/ca\/barcelona\/autobusos\/-\/lineabus\/55\">55<\/a>.<\/li><li>Has de tenir en compte que, agafis el transport p\u00fablic que agafis, <strong>haur\u00e0s de caminar una estona per poder arribar al mirador<\/strong>.<\/li><\/ul><\/li><\/ul><\/li><\/ul><p>[\/et_pb_text][et_pb_image src=\"https:\/\/albergueesplaibarcelona.com\/wp-content\/uploads\/2021\/03\/mirador_del_migdia.jpg\" alt=\"Mirador del Migdia\" title_text=\"Mirador del Migdia\" _builder_version=\"4.7.7\" _module_preset=\"default\" global_colors_info=\"{}\"][\/et_pb_image][et_pb_text admin_label=\"4. Passeig Mar\u00edtim de la Barceloneta\" _builder_version=\"4.7.7\" _module_preset=\"default\" custom_margin=\"50px||||false|false\" global_colors_info=\"{}\"]<\/p><h3>4. Passeig Mar\u00edtim de la Barceloneta<\/h3><p>Si vens a <a href=\"https:\/\/ca.wikipedia.org\/wiki\/Barcelona\">Barcelona<\/a> i no visites la platja i el passeig mar\u00edtim de la <a href=\"https:\/\/ca.wikipedia.org\/wiki\/La_Barceloneta\">Barceloneta<\/a> significa que no has vist la ciutat amb tota la seva plenitud! <strong>Poder veure una posta de sol des de la platja no t\u00e9 preu i per aix\u00f2 aquest \u00e9s un dels llocs imprescindibles on has d'anar.<\/strong> El Passeig Mar\u00edtim de la Barceloneta <strong>\u00e9s un cam\u00ed llarg que aporta tranquil\u00b7litat i uns paisatges des de la vora del mar espectaculars<\/strong>. Aprofita aquesta \u00e8poca de primavera per passejar amb la temperatura ideal i veure els colors m\u00e9s bonics que et pot oferir el cel durant la posta de sol.<\/p><p>\u00a0<\/p><ul><li style=\"list-style-type: none;\"><ul><li><strong>Com arribar al Passeig Mar\u00edtim de la Barceloneta en transport p\u00fablic?<\/strong><ul><li>L\u00ednies de Metro: <a href=\"https:\/\/www.tmb.cat\/ca\/barcelona\/metro\/-\/lineametro\/L4\">L4<\/a>.<\/li><li>Rodalies de Catalunya: <a href=\"http:\/\/rodalies.gencat.cat\/ca\/sobre-rodalies\/linies-i-estacions\/servei_regionals\/r14\/index.html\">R14<\/a>, <a href=\"http:\/\/rodalies.gencat.cat\/ca\/sobre-rodalies\/linies-i-estacions\/servei_regionals\/r15\/index.html\">R15<\/a> i <a href=\"http:\/\/rodalies.gencat.cat\/ca\/sobre-rodalies\/linies-i-estacions\/servei_rodalia_barcelona\/r2s\/index.html\">R2S<\/a>.<\/li><li>Autob\u00fas: <a href=\"https:\/\/www.tmb.cat\/ca\/barcelona\/autobusos\/-\/lineabus\/47\">47<\/a>, <a href=\"https:\/\/www.tmb.cat\/ca\/barcelona\/autobusos\/-\/lineabus\/D20\">D20<\/a>, <a href=\"https:\/\/www.tmb.cat\/ca\/barcelona\/autobusos\/-\/lineabus\/V13\">V13<\/a>, <a href=\"https:\/\/www.tmb.cat\/ca\/barcelona\/autobusos\/-\/lineabus\/V15\">V15<\/a>, <a href=\"https:\/\/www.tmb.cat\/ca\/barcelona\/autobusos\/-\/lineabus\/V17\">V17<\/a> i <a href=\"https:\/\/www.tmb.cat\/ca\/barcelona\/autobusos\/-\/lineabus\/V19\">V19<\/a>.<\/li><\/ul><\/li><\/ul><\/li><\/ul><p>[\/et_pb_text][et_pb_image src=\"https:\/\/albergueesplaibarcelona.com\/wp-content\/uploads\/2021\/03\/passeig_maritim.jpg\" alt=\"Passeig Mar\u00edtim de Barcelona\" title_text=\"Passeig Mar\u00edtim de Barcelona\" _builder_version=\"4.7.7\" _module_preset=\"default\" global_colors_info=\"{}\"][\/et_pb_image][et_pb_text admin_label=\"5. Muntanya del Tibidabo\" _builder_version=\"4.7.7\" _module_preset=\"default\" custom_margin=\"50px||||false|false\" global_colors_info=\"{}\"]<\/p><h3>5. Muntanya del Tibidabo<\/h3><p>La <a href=\"https:\/\/ca.wikipedia.org\/wiki\/Tibidabo\">muntanya del Tibidabo<\/a> t\u00e9 un mirador espectacular! Es tracta d'una <strong>\u00e0rea panor\u00e0mica situada a 500 metres sobre el nivell del mar, per tant, la zona m\u00e9s alta del <a href=\"https:\/\/ca.wikipedia.org\/wiki\/Parc_Natural_de_Collserola\">Parc Natural de la Serra de Collserola<\/a><\/strong>. <strong>Aquestes vistes privilegiades - tamb\u00e9 de 360\u00ba - des d'aquesta muntanya et mostraran la majestuositat de la ciutat de Barcelona i els seus voltants<\/strong>. A m\u00e9s a m\u00e9s, tamb\u00e9 hi trobar\u00e0s el <a href=\"https:\/\/ca.wikipedia.org\/wiki\/Parc_d%27Atraccions_Tibidabo\">Parc d'Atraccions Tibidabo<\/a>, un lloc perfecte per passar un dia sencer en fam\u00edlia!<\/p><p>\u00a0<\/p><ul><li style=\"list-style-type: none;\"><ul><li><strong>Com arribar al mirador de la muntanya del Tibidabo en transport p\u00fablic?<\/strong><ul><li><strong>Tibibus llan\u00e7adora T2A<\/strong>: per poder agafar aquest autob\u00fas que et porta fins al Tibidabo haur\u00e0s d'anar a la parada de Pla\u00e7a Catalunya mitjan\u00e7ant les l\u00ednies de metro<a href=\"https:\/\/www.tmb.cat\/ca\/barcelona\/metro\/-\/lineametro\/L1\"> L1<\/a> i <a href=\"https:\/\/www.tmb.cat\/ca\/barcelona\/metro\/-\/lineametro\/L3\">L3<\/a>; les l\u00ednies de FGC <a href=\"https:\/\/www.fgc.cat\/xarxa-fgc\/l-barcelona-valles\/linies-i-horaris-barcelona-valles-l6-barcelona-placa-catalunya-sarria\/\">L6<\/a>, <a href=\"https:\/\/www.fgc.cat\/xarxa-fgc\/l-barcelona-valles\/linies-i-horaris-barcelona-valles-l7-barcelona-placa-catalunya-aviguda-tibidabo\/\">L7<\/a>, <a href=\"https:\/\/www.fgc.cat\/xarxa-fgc\/l-barcelona-valles\/linies-i-horaris-barcelona-valles-s1-barcelona-placa-catalunya-terrassa\/\">S1<\/a>, <a href=\"https:\/\/www.fgc.cat\/xarxa-fgc\/l-barcelona-valles\/linies-i-horaris-barcelona-valles-s2-barcelona-placa-catalunya-sabadell\/\">S2<\/a>, <a href=\"https:\/\/www.fgc.cat\/xarxa-fgc\/l-barcelona-valles\/linies-i-horaris-barcelona-valles-s5-barcelona-placa-catalunya-sant-cugat\/\">S5<\/a>, <a href=\"https:\/\/www.fgc.cat\/xarxa-fgc\/l-barcelona-valles\/linies-i-horaris-barcelona-valles-s6-barcelona-placa-catalunya-u-autonoma\/\">S6<\/a> i <a href=\"https:\/\/www.fgc.cat\/xarxa-fgc\/l-barcelona-valles\/linies-i-horaris-barcelona-valles-s7-barcelona-placa-catalunya-rubi\/\">S7<\/a>; o les l\u00ednies de Rodalies de Catalunya <a href=\"http:\/\/rodalies.gencat.cat\/ca\/linies_estacions_i_trens\/index.html?linia=r1\">R1<\/a>, <a href=\"http:\/\/rodalies.gencat.cat\/ca\/linies_estacions_i_trens\/index.html?linia=r3\">R3<\/a>, <a href=\"http:\/\/rodalies.gencat.cat\/ca\/linies_estacions_i_trens\/index.html?linia=r4\">R4<\/a> i <a href=\"http:\/\/rodalies.gencat.cat\/ca\/linies_estacions_i_trens\/index.html?linia=r12\">R12<\/a>.<\/li><\/ul><\/li><\/ul><\/li><\/ul><p>[\/et_pb_text][et_pb_image src=\"https:\/\/albergueesplaibarcelona.com\/wp-content\/uploads\/2021\/03\/muntanya_tibidabo.jpg\" alt=\"Muntanya Tibidabo\" title_text=\"Muntanya Tibidabo\" _builder_version=\"4.7.7\" _module_preset=\"default\" global_colors_info=\"{}\"][\/et_pb_image][et_pb_text admin_label=\"6. Jardins del Parc G\u00fcell\" _builder_version=\"4.7.7\" _module_preset=\"default\" custom_margin=\"50px||||false|false\" global_colors_info=\"{}\"]<\/p><h3>6. Tur\u00f3 de les tres Creus del Parc G\u00fcell<\/h3><p>El Tur\u00f3 de les tres Creus \u00e9s un dels llocs m\u00e9s coneguts del <a href=\"https:\/\/ca.wikipedia.org\/wiki\/Park_G%C3%BCell\">Parc G\u00fcell<\/a>. All\u00e0 podr\u00e0s trobar <strong>un mirador on es poden observar algunes de les millors vistes de la ciutat de Barcelona<\/strong>! Es tracta del punt m\u00e9s alt del parc i va ser <strong>un lloc molt especial per <a href=\"https:\/\/ca.wikipedia.org\/wiki\/Antoni_Gaud%C3%AD_i_Cornet\">Antoni Gaud\u00ed<\/a>, ja que volia culminar la seva gran obra amb la construcci\u00f3 d'una capella en aquest tur\u00f3<\/strong>. Finalment Gaud\u00ed no va poder construir la capella,<strong> en canvi va crear un monument amb restes prehist\u00f2riques<\/strong>. Una hist\u00f2ria molt interessant, veritat? No et perdis aquestes grans vistes plenes de cultura!<\/p><p>\u00a0<\/p><ul><li style=\"list-style-type: none;\"><ul><li><strong>Com arribar al Tur\u00f3 de les tres Creus en transport p\u00fablic?<\/strong><ul><li>L\u00ednies de Metro: <a href=\"https:\/\/www.tmb.cat\/ca\/barcelona\/metro\/-\/lineametro\/L3\">L3<\/a>.<\/li><li>Autob\u00fas: <a href=\"https:\/\/www.tmb.cat\/ca\/barcelona\/autobusos\/-\/lineabus\/24\">24<\/a>.<\/li><\/ul><\/li><\/ul><\/li><\/ul><p>[\/et_pb_text][et_pb_image src=\"https:\/\/albergueesplaibarcelona.com\/wp-content\/uploads\/2021\/03\/parc_guell.jpg\" alt=\"Jardins Parc G\u00fcell\" title_text=\"Jardins Parc G\u00fcell\" _builder_version=\"4.7.7\" _module_preset=\"default\" global_colors_info=\"{}\"][\/et_pb_image][\/et_pb_column][\/et_pb_row][et_pb_row _builder_version=\"4.7.7\" _module_preset=\"default\" global_colors_info=\"{}\"][et_pb_column type=\"4_4\" _builder_version=\"4.7.7\" _module_preset=\"default\" global_colors_info=\"{}\"][et_pb_divider _builder_version=\"4.7.7\" _module_preset=\"default\" custom_margin=\"30px||20px||false|false\" global_colors_info=\"{}\"][\/et_pb_divider][et_pb_text _builder_version=\"4.7.7\" _module_preset=\"default\" custom_margin=\"||30px||false|false\" global_colors_info=\"{}\"]<\/p><p style=\"text-align: center;\"><strong>En aquest mapa trobar\u00e0s localitzats tots els miradors que t'hem exposat en aquesta entrada. D'aquesta manera ser\u00e0 m\u00e9s f\u00e0cil situar-los o seguir cam\u00ed en cas que decideixis anar en algun altre tipus de transport fins a algun d'ells!<\/strong><\/p><p>[\/et_pb_text][et_pb_code _builder_version=\"4.7.7\" _module_preset=\"default\" text_orientation=\"center\" global_colors_info=\"{}\"]<iframe src=\"https:\/\/www.google.com\/maps\/d\/u\/0\/embed?mid=1dc4aqHpbsiLjOudaw8_PAhVTm08vRuW2\" width=\"1160\" height=\"480\" data-mce-fragment=\"1\"><\/iframe>[\/et_pb_code][\/et_pb_column][\/et_pb_row][et_pb_row _builder_version=\"4.7.7\" _module_preset=\"default\" global_colors_info=\"{}\"][et_pb_column type=\"4_4\" _builder_version=\"4.7.7\" _module_preset=\"default\" global_colors_info=\"{}\"][et_pb_divider _builder_version=\"4.7.7\" _module_preset=\"default\" custom_margin=\"40px||20px||false|false\" global_colors_info=\"{}\"][\/et_pb_divider][et_pb_text _builder_version=\"4.7.7\" _module_preset=\"default\" global_colors_info=\"{}\"]Si amb tots aquests miradors de Barcelona no n'has tingut prou, <strong>no dubtis en donar un cop d'ull a totes aquestes altres atraccions tur\u00edstiques<\/strong>. De ben segur que t'agraden:<\/p><ul><li><a href=\"https:\/\/albergueesplaibarcelona.com\/ca\/blog-ca\/que_fer\/10-llocs-de-barcelona-que-no-et-pots-perdre\/\">10 Llocs de Barcelona que no et pots perdre<\/a>.<\/li><li><a href=\"https:\/\/albergueesplaibarcelona.com\/ca\/blog-ca\/que_fer\/casa-semafor-prat\/\">Visita la Casa del Sem\u00e0for al Prat de Llobregat<\/a>!<\/li><li><a href=\"https:\/\/albergueesplaibarcelona.com\/ca\/blog-ca\/que_fer\/mirador-avions-prat-llobregat\/\">Vols veure els avions de prop? Mirador del Prat de Llobregat<\/a>.<\/li><li><a href=\"https:\/\/albergueesplaibarcelona.com\/ca\/blog-ca\/espais-naturals\/12-espais-naturals-barcelona\/\">12 Espais Naturals impressionants a prop de Barcelona<\/a>.<\/li><li><a href=\"https:\/\/albergueesplaibarcelona.com\/ca\/blog-ca\/espais-naturals\/ruta-pel-delta-del-llobregat-el-remolar-i-les-filipines\/\">Ruta pel Delta del Llobregat: el Remolar i les Filipines<\/a>.<\/li><\/ul><p>[\/et_pb_text][\/et_pb_column][\/et_pb_row][\/et_pb_section]<\/p>","_et_gb_content_width":"","footnotes":""},"categories":[61,59],"tags":[],"class_list":["post-15305","post","type-post","status-publish","format-standard","has-post-thumbnail","hentry","category-barcelona-with-kids","category-what-to-do"],"yoast_head":"<!-- This site is optimized with the Yoast SEO plugin v27.5 - https:\/\/yoast.com\/product\/yoast-seo-wordpress\/ -->\n<title>The 10 best places to watch the sunset in Barcelona - Albergue Centre Esplai<\/title>\n<meta name=\"description\" content=\"What could be better than trying to go to viewpoints in a city like Barcelona with a beautiful sunset? They will surely leave you breathless!\" \/>\n<meta name=\"robots\" content=\"index, follow, max-snippet:-1, max-image-preview:large, max-video-preview:-1\" \/>\n<link rel=\"canonical\" href=\"https:\/\/albergueesplaibarcelona.com\/en\/blog-en\/barcelona-with-kids\/the-6-best-places-to-see-the-sunset-in-barcelona\/\" \/>\n<meta property=\"og:locale\" content=\"en_US\" \/>\n<meta property=\"og:type\" content=\"article\" \/>\n<meta property=\"og:title\" content=\"The 10 best places to watch the sunset in Barcelona - Albergue Centre Esplai\" \/>\n<meta property=\"og:description\" content=\"What could be better than trying to go to viewpoints in a city like Barcelona with a beautiful sunset? They will surely leave you breathless!\" \/>\n<meta property=\"og:url\" content=\"https:\/\/albergueesplaibarcelona.com\/en\/blog-en\/barcelona-with-kids\/the-6-best-places-to-see-the-sunset-in-barcelona\/\" \/>\n<meta property=\"og:site_name\" content=\"Albergue Centre Esplai\" \/>\n<meta property=\"article:published_time\" content=\"2021-04-27T11:15:31+00:00\" \/>\n<meta property=\"article:modified_time\" content=\"2026-04-24T09:15:57+00:00\" \/>\n<meta property=\"og:image\" content=\"https:\/\/albergueesplaibarcelona.com\/wp-content\/uploads\/2026\/04\/Posta-de-Sol-MNAC.jpg\" \/>\n\t<meta property=\"og:image:width\" content=\"1888\" \/>\n\t<meta property=\"og:image:height\" content=\"900\" \/>\n\t<meta property=\"og:image:type\" content=\"image\/jpeg\" \/>\n<meta name=\"author\" content=\"Cristina Espinosa Colom\u00e9\" \/>\n<meta name=\"twitter:card\" content=\"summary_large_image\" \/>\n<meta name=\"twitter:label1\" content=\"Written by\" \/>\n\t<meta name=\"twitter:data1\" content=\"Cristina Espinosa Colom\u00e9\" \/>\n\t<meta name=\"twitter:label2\" content=\"Est. reading time\" \/>\n\t<meta name=\"twitter:data2\" content=\"7 minutes\" \/>\n<script type=\"application\/ld+json\" class=\"yoast-schema-graph\">{\"@context\":\"https:\\\/\\\/schema.org\",\"@graph\":[{\"@type\":\"Article\",\"@id\":\"https:\\\/\\\/albergueesplaibarcelona.com\\\/en\\\/blog-en\\\/barcelona-with-kids\\\/the-6-best-places-to-see-the-sunset-in-barcelona\\\/#article\",\"isPartOf\":{\"@id\":\"https:\\\/\\\/albergueesplaibarcelona.com\\\/en\\\/blog-en\\\/barcelona-with-kids\\\/the-6-best-places-to-see-the-sunset-in-barcelona\\\/\"},\"author\":{\"name\":\"Cristina Espinosa Colom\u00e9\",\"@id\":\"https:\\\/\\\/albergueesplaibarcelona.com\\\/en\\\/#\\\/schema\\\/person\\\/207b9e504146116f51fecbd705c33396\"},\"headline\":\"The 10 best places to watch the sunset in Barcelona\",\"datePublished\":\"2021-04-27T11:15:31+00:00\",\"dateModified\":\"2026-04-24T09:15:57+00:00\",\"mainEntityOfPage\":{\"@id\":\"https:\\\/\\\/albergueesplaibarcelona.com\\\/en\\\/blog-en\\\/barcelona-with-kids\\\/the-6-best-places-to-see-the-sunset-in-barcelona\\\/\"},\"wordCount\":3009,\"commentCount\":0,\"publisher\":{\"@id\":\"https:\\\/\\\/albergueesplaibarcelona.com\\\/en\\\/#organization\"},\"image\":{\"@id\":\"https:\\\/\\\/albergueesplaibarcelona.com\\\/en\\\/blog-en\\\/barcelona-with-kids\\\/the-6-best-places-to-see-the-sunset-in-barcelona\\\/#primaryimage\"},\"thumbnailUrl\":\"https:\\\/\\\/albergueesplaibarcelona.com\\\/wp-content\\\/uploads\\\/2026\\\/04\\\/Posta-de-Sol-MNAC.jpg\",\"articleSection\":[\"Barcelona with kids\",\"What to do\"],\"inLanguage\":\"en-US\",\"potentialAction\":[{\"@type\":\"CommentAction\",\"name\":\"Comment\",\"target\":[\"https:\\\/\\\/albergueesplaibarcelona.com\\\/en\\\/blog-en\\\/barcelona-with-kids\\\/the-6-best-places-to-see-the-sunset-in-barcelona\\\/#respond\"]}]},{\"@type\":\"WebPage\",\"@id\":\"https:\\\/\\\/albergueesplaibarcelona.com\\\/en\\\/blog-en\\\/barcelona-with-kids\\\/the-6-best-places-to-see-the-sunset-in-barcelona\\\/\",\"url\":\"https:\\\/\\\/albergueesplaibarcelona.com\\\/en\\\/blog-en\\\/barcelona-with-kids\\\/the-6-best-places-to-see-the-sunset-in-barcelona\\\/\",\"name\":\"The 10 best places to watch the sunset in Barcelona - Albergue Centre Esplai\",\"isPartOf\":{\"@id\":\"https:\\\/\\\/albergueesplaibarcelona.com\\\/en\\\/#website\"},\"primaryImageOfPage\":{\"@id\":\"https:\\\/\\\/albergueesplaibarcelona.com\\\/en\\\/blog-en\\\/barcelona-with-kids\\\/the-6-best-places-to-see-the-sunset-in-barcelona\\\/#primaryimage\"},\"image\":{\"@id\":\"https:\\\/\\\/albergueesplaibarcelona.com\\\/en\\\/blog-en\\\/barcelona-with-kids\\\/the-6-best-places-to-see-the-sunset-in-barcelona\\\/#primaryimage\"},\"thumbnailUrl\":\"https:\\\/\\\/albergueesplaibarcelona.com\\\/wp-content\\\/uploads\\\/2026\\\/04\\\/Posta-de-Sol-MNAC.jpg\",\"datePublished\":\"2021-04-27T11:15:31+00:00\",\"dateModified\":\"2026-04-24T09:15:57+00:00\",\"description\":\"What could be better than trying to go to viewpoints in a city like Barcelona with a beautiful sunset? They will surely leave you breathless!\",\"breadcrumb\":{\"@id\":\"https:\\\/\\\/albergueesplaibarcelona.com\\\/en\\\/blog-en\\\/barcelona-with-kids\\\/the-6-best-places-to-see-the-sunset-in-barcelona\\\/#breadcrumb\"},\"inLanguage\":\"en-US\",\"potentialAction\":[{\"@type\":\"ReadAction\",\"target\":[\"https:\\\/\\\/albergueesplaibarcelona.com\\\/en\\\/blog-en\\\/barcelona-with-kids\\\/the-6-best-places-to-see-the-sunset-in-barcelona\\\/\"]}]},{\"@type\":\"ImageObject\",\"inLanguage\":\"en-US\",\"@id\":\"https:\\\/\\\/albergueesplaibarcelona.com\\\/en\\\/blog-en\\\/barcelona-with-kids\\\/the-6-best-places-to-see-the-sunset-in-barcelona\\\/#primaryimage\",\"url\":\"https:\\\/\\\/albergueesplaibarcelona.com\\\/wp-content\\\/uploads\\\/2026\\\/04\\\/Posta-de-Sol-MNAC.jpg\",\"contentUrl\":\"https:\\\/\\\/albergueesplaibarcelona.com\\\/wp-content\\\/uploads\\\/2026\\\/04\\\/Posta-de-Sol-MNAC.jpg\",\"width\":1888,\"height\":900},{\"@type\":\"BreadcrumbList\",\"@id\":\"https:\\\/\\\/albergueesplaibarcelona.com\\\/en\\\/blog-en\\\/barcelona-with-kids\\\/the-6-best-places-to-see-the-sunset-in-barcelona\\\/#breadcrumb\",\"itemListElement\":[{\"@type\":\"ListItem\",\"position\":1,\"name\":\"Home\",\"item\":\"https:\\\/\\\/albergueesplaibarcelona.com\\\/en\\\/\"},{\"@type\":\"ListItem\",\"position\":2,\"name\":\"Blog\",\"item\":\"https:\\\/\\\/albergueesplaibarcelona.com\\\/en\\\/blog-en\\\/\"},{\"@type\":\"ListItem\",\"position\":3,\"name\":\"Barcelona with kids\",\"item\":\"https:\\\/\\\/albergueesplaibarcelona.com\\\/en\\\/blog-en\\\/barcelona-with-kids\\\/\"},{\"@type\":\"ListItem\",\"position\":4,\"name\":\"The 10 best places to watch the sunset in Barcelona\"}]},{\"@type\":\"WebSite\",\"@id\":\"https:\\\/\\\/albergueesplaibarcelona.com\\\/en\\\/#website\",\"url\":\"https:\\\/\\\/albergueesplaibarcelona.com\\\/en\\\/\",\"name\":\"Albergue Centre Esplai\",\"description\":\"Alberg\",\"publisher\":{\"@id\":\"https:\\\/\\\/albergueesplaibarcelona.com\\\/en\\\/#organization\"},\"potentialAction\":[{\"@type\":\"SearchAction\",\"target\":{\"@type\":\"EntryPoint\",\"urlTemplate\":\"https:\\\/\\\/albergueesplaibarcelona.com\\\/en\\\/?s={search_term_string}\"},\"query-input\":{\"@type\":\"PropertyValueSpecification\",\"valueRequired\":true,\"valueName\":\"search_term_string\"}}],\"inLanguage\":\"en-US\"},{\"@type\":\"Organization\",\"@id\":\"https:\\\/\\\/albergueesplaibarcelona.com\\\/en\\\/#organization\",\"name\":\"Albergue Centre Esplai\",\"url\":\"https:\\\/\\\/albergueesplaibarcelona.com\\\/en\\\/\",\"logo\":{\"@type\":\"ImageObject\",\"inLanguage\":\"en-US\",\"@id\":\"https:\\\/\\\/albergueesplaibarcelona.com\\\/en\\\/#\\\/schema\\\/logo\\\/image\\\/\",\"url\":\"https:\\\/\\\/albergueesplaibarcelona.com\\\/wp-content\\\/uploads\\\/2020\\\/12\\\/logo_alberg_centre_esplai-e1608117409320.png\",\"contentUrl\":\"https:\\\/\\\/albergueesplaibarcelona.com\\\/wp-content\\\/uploads\\\/2020\\\/12\\\/logo_alberg_centre_esplai-e1608117409320.png\",\"width\":500,\"height\":241,\"caption\":\"Albergue Centre Esplai\"},\"image\":{\"@id\":\"https:\\\/\\\/albergueesplaibarcelona.com\\\/en\\\/#\\\/schema\\\/logo\\\/image\\\/\"}},{\"@type\":\"Person\",\"@id\":\"https:\\\/\\\/albergueesplaibarcelona.com\\\/en\\\/#\\\/schema\\\/person\\\/207b9e504146116f51fecbd705c33396\",\"name\":\"Cristina Espinosa Colom\u00e9\",\"image\":{\"@type\":\"ImageObject\",\"inLanguage\":\"en-US\",\"@id\":\"https:\\\/\\\/secure.gravatar.com\\\/avatar\\\/5c055e483e79baf8f2898f968d705db458690241795f16b3e0ff8fd47bdac10e?s=96&d=mm&r=g\",\"url\":\"https:\\\/\\\/secure.gravatar.com\\\/avatar\\\/5c055e483e79baf8f2898f968d705db458690241795f16b3e0ff8fd47bdac10e?s=96&d=mm&r=g\",\"contentUrl\":\"https:\\\/\\\/secure.gravatar.com\\\/avatar\\\/5c055e483e79baf8f2898f968d705db458690241795f16b3e0ff8fd47bdac10e?s=96&d=mm&r=g\",\"caption\":\"Cristina Espinosa Colom\u00e9\"},\"url\":\"https:\\\/\\\/albergueesplaibarcelona.com\\\/en\\\/author\\\/cespinosa\\\/\"}]}<\/script>\n<!-- \/ Yoast SEO plugin. -->","yoast_head_json":{"title":"The 10 best places to watch the sunset in Barcelona - Albergue Centre Esplai","description":"What could be better than trying to go to viewpoints in a city like Barcelona with a beautiful sunset? They will surely leave you breathless!","robots":{"index":"index","follow":"follow","max-snippet":"max-snippet:-1","max-image-preview":"max-image-preview:large","max-video-preview":"max-video-preview:-1"},"canonical":"https:\/\/albergueesplaibarcelona.com\/en\/blog-en\/barcelona-with-kids\/the-6-best-places-to-see-the-sunset-in-barcelona\/","og_locale":"en_US","og_type":"article","og_title":"The 10 best places to watch the sunset in Barcelona - Albergue Centre Esplai","og_description":"What could be better than trying to go to viewpoints in a city like Barcelona with a beautiful sunset? They will surely leave you breathless!","og_url":"https:\/\/albergueesplaibarcelona.com\/en\/blog-en\/barcelona-with-kids\/the-6-best-places-to-see-the-sunset-in-barcelona\/","og_site_name":"Albergue Centre Esplai","article_published_time":"2021-04-27T11:15:31+00:00","article_modified_time":"2026-04-24T09:15:57+00:00","og_image":[{"width":1888,"height":900,"url":"https:\/\/albergueesplaibarcelona.com\/wp-content\/uploads\/2026\/04\/Posta-de-Sol-MNAC.jpg","type":"image\/jpeg"}],"author":"Cristina Espinosa Colom\u00e9","twitter_card":"summary_large_image","twitter_misc":{"Written by":"Cristina Espinosa Colom\u00e9","Est. reading time":"7 minutes"},"schema":{"@context":"https:\/\/schema.org","@graph":[{"@type":"Article","@id":"https:\/\/albergueesplaibarcelona.com\/en\/blog-en\/barcelona-with-kids\/the-6-best-places-to-see-the-sunset-in-barcelona\/#article","isPartOf":{"@id":"https:\/\/albergueesplaibarcelona.com\/en\/blog-en\/barcelona-with-kids\/the-6-best-places-to-see-the-sunset-in-barcelona\/"},"author":{"name":"Cristina Espinosa Colom\u00e9","@id":"https:\/\/albergueesplaibarcelona.com\/en\/#\/schema\/person\/207b9e504146116f51fecbd705c33396"},"headline":"The 10 best places to watch the sunset in Barcelona","datePublished":"2021-04-27T11:15:31+00:00","dateModified":"2026-04-24T09:15:57+00:00","mainEntityOfPage":{"@id":"https:\/\/albergueesplaibarcelona.com\/en\/blog-en\/barcelona-with-kids\/the-6-best-places-to-see-the-sunset-in-barcelona\/"},"wordCount":3009,"commentCount":0,"publisher":{"@id":"https:\/\/albergueesplaibarcelona.com\/en\/#organization"},"image":{"@id":"https:\/\/albergueesplaibarcelona.com\/en\/blog-en\/barcelona-with-kids\/the-6-best-places-to-see-the-sunset-in-barcelona\/#primaryimage"},"thumbnailUrl":"https:\/\/albergueesplaibarcelona.com\/wp-content\/uploads\/2026\/04\/Posta-de-Sol-MNAC.jpg","articleSection":["Barcelona with kids","What to do"],"inLanguage":"en-US","potentialAction":[{"@type":"CommentAction","name":"Comment","target":["https:\/\/albergueesplaibarcelona.com\/en\/blog-en\/barcelona-with-kids\/the-6-best-places-to-see-the-sunset-in-barcelona\/#respond"]}]},{"@type":"WebPage","@id":"https:\/\/albergueesplaibarcelona.com\/en\/blog-en\/barcelona-with-kids\/the-6-best-places-to-see-the-sunset-in-barcelona\/","url":"https:\/\/albergueesplaibarcelona.com\/en\/blog-en\/barcelona-with-kids\/the-6-best-places-to-see-the-sunset-in-barcelona\/","name":"The 10 best places to watch the sunset in Barcelona - Albergue Centre Esplai","isPartOf":{"@id":"https:\/\/albergueesplaibarcelona.com\/en\/#website"},"primaryImageOfPage":{"@id":"https:\/\/albergueesplaibarcelona.com\/en\/blog-en\/barcelona-with-kids\/the-6-best-places-to-see-the-sunset-in-barcelona\/#primaryimage"},"image":{"@id":"https:\/\/albergueesplaibarcelona.com\/en\/blog-en\/barcelona-with-kids\/the-6-best-places-to-see-the-sunset-in-barcelona\/#primaryimage"},"thumbnailUrl":"https:\/\/albergueesplaibarcelona.com\/wp-content\/uploads\/2026\/04\/Posta-de-Sol-MNAC.jpg","datePublished":"2021-04-27T11:15:31+00:00","dateModified":"2026-04-24T09:15:57+00:00","description":"What could be better than trying to go to viewpoints in a city like Barcelona with a beautiful sunset? They will surely leave you breathless!","breadcrumb":{"@id":"https:\/\/albergueesplaibarcelona.com\/en\/blog-en\/barcelona-with-kids\/the-6-best-places-to-see-the-sunset-in-barcelona\/#breadcrumb"},"inLanguage":"en-US","potentialAction":[{"@type":"ReadAction","target":["https:\/\/albergueesplaibarcelona.com\/en\/blog-en\/barcelona-with-kids\/the-6-best-places-to-see-the-sunset-in-barcelona\/"]}]},{"@type":"ImageObject","inLanguage":"en-US","@id":"https:\/\/albergueesplaibarcelona.com\/en\/blog-en\/barcelona-with-kids\/the-6-best-places-to-see-the-sunset-in-barcelona\/#primaryimage","url":"https:\/\/albergueesplaibarcelona.com\/wp-content\/uploads\/2026\/04\/Posta-de-Sol-MNAC.jpg","contentUrl":"https:\/\/albergueesplaibarcelona.com\/wp-content\/uploads\/2026\/04\/Posta-de-Sol-MNAC.jpg","width":1888,"height":900},{"@type":"BreadcrumbList","@id":"https:\/\/albergueesplaibarcelona.com\/en\/blog-en\/barcelona-with-kids\/the-6-best-places-to-see-the-sunset-in-barcelona\/#breadcrumb","itemListElement":[{"@type":"ListItem","position":1,"name":"Home","item":"https:\/\/albergueesplaibarcelona.com\/en\/"},{"@type":"ListItem","position":2,"name":"Blog","item":"https:\/\/albergueesplaibarcelona.com\/en\/blog-en\/"},{"@type":"ListItem","position":3,"name":"Barcelona with kids","item":"https:\/\/albergueesplaibarcelona.com\/en\/blog-en\/barcelona-with-kids\/"},{"@type":"ListItem","position":4,"name":"The 10 best places to watch the sunset in Barcelona"}]},{"@type":"WebSite","@id":"https:\/\/albergueesplaibarcelona.com\/en\/#website","url":"https:\/\/albergueesplaibarcelona.com\/en\/","name":"Albergue Centre Esplai","description":"Alberg","publisher":{"@id":"https:\/\/albergueesplaibarcelona.com\/en\/#organization"},"potentialAction":[{"@type":"SearchAction","target":{"@type":"EntryPoint","urlTemplate":"https:\/\/albergueesplaibarcelona.com\/en\/?s={search_term_string}"},"query-input":{"@type":"PropertyValueSpecification","valueRequired":true,"valueName":"search_term_string"}}],"inLanguage":"en-US"},{"@type":"Organization","@id":"https:\/\/albergueesplaibarcelona.com\/en\/#organization","name":"Albergue Centre Esplai","url":"https:\/\/albergueesplaibarcelona.com\/en\/","logo":{"@type":"ImageObject","inLanguage":"en-US","@id":"https:\/\/albergueesplaibarcelona.com\/en\/#\/schema\/logo\/image\/","url":"https:\/\/albergueesplaibarcelona.com\/wp-content\/uploads\/2020\/12\/logo_alberg_centre_esplai-e1608117409320.png","contentUrl":"https:\/\/albergueesplaibarcelona.com\/wp-content\/uploads\/2020\/12\/logo_alberg_centre_esplai-e1608117409320.png","width":500,"height":241,"caption":"Albergue Centre Esplai"},"image":{"@id":"https:\/\/albergueesplaibarcelona.com\/en\/#\/schema\/logo\/image\/"}},{"@type":"Person","@id":"https:\/\/albergueesplaibarcelona.com\/en\/#\/schema\/person\/207b9e504146116f51fecbd705c33396","name":"Cristina Espinosa Colom\u00e9","image":{"@type":"ImageObject","inLanguage":"en-US","@id":"https:\/\/secure.gravatar.com\/avatar\/5c055e483e79baf8f2898f968d705db458690241795f16b3e0ff8fd47bdac10e?s=96&d=mm&r=g","url":"https:\/\/secure.gravatar.com\/avatar\/5c055e483e79baf8f2898f968d705db458690241795f16b3e0ff8fd47bdac10e?s=96&d=mm&r=g","contentUrl":"https:\/\/secure.gravatar.com\/avatar\/5c055e483e79baf8f2898f968d705db458690241795f16b3e0ff8fd47bdac10e?s=96&d=mm&r=g","caption":"Cristina Espinosa Colom\u00e9"},"url":"https:\/\/albergueesplaibarcelona.com\/en\/author\/cespinosa\/"}]}},"_links":{"self":[{"href":"https:\/\/albergueesplaibarcelona.com\/en\/wp-json\/wp\/v2\/posts\/15305","targetHints":{"allow":["GET"]}}],"collection":[{"href":"https:\/\/albergueesplaibarcelona.com\/en\/wp-json\/wp\/v2\/posts"}],"about":[{"href":"https:\/\/albergueesplaibarcelona.com\/en\/wp-json\/wp\/v2\/types\/post"}],"author":[{"embeddable":true,"href":"https:\/\/albergueesplaibarcelona.com\/en\/wp-json\/wp\/v2\/users\/6"}],"replies":[{"embeddable":true,"href":"https:\/\/albergueesplaibarcelona.com\/en\/wp-json\/wp\/v2\/comments?post=15305"}],"version-history":[{"count":20,"href":"https:\/\/albergueesplaibarcelona.com\/en\/wp-json\/wp\/v2\/posts\/15305\/revisions"}],"predecessor-version":[{"id":24067,"href":"https:\/\/albergueesplaibarcelona.com\/en\/wp-json\/wp\/v2\/posts\/15305\/revisions\/24067"}],"wp:featuredmedia":[{"embeddable":true,"href":"https:\/\/albergueesplaibarcelona.com\/en\/wp-json\/wp\/v2\/media\/23887"}],"wp:attachment":[{"href":"https:\/\/albergueesplaibarcelona.com\/en\/wp-json\/wp\/v2\/media?parent=15305"}],"wp:term":[{"taxonomy":"category","embeddable":true,"href":"https:\/\/albergueesplaibarcelona.com\/en\/wp-json\/wp\/v2\/categories?post=15305"},{"taxonomy":"post_tag","embeddable":true,"href":"https:\/\/albergueesplaibarcelona.com\/en\/wp-json\/wp\/v2\/tags?post=15305"}],"curies":[{"name":"wp","href":"https:\/\/api.w.org\/{rel}","templated":true}]}}