{"id":17381,"date":"2023-10-02T11:53:46","date_gmt":"2023-10-02T09:53:46","guid":{"rendered":"https:\/\/albergueesplaibarcelona.com\/?p=17381"},"modified":"2023-10-02T11:54:00","modified_gmt":"2023-10-02T09:54:00","slug":"esperanzah-festival-2023-san-cosme-is-filled-with-music","status":"publish","type":"post","link":"https:\/\/albergueesplaibarcelona.com\/en\/blog-en\/hostel-news\/esperanzah-festival-2023-san-cosme-is-filled-with-music\/","title":{"rendered":"Esperanzah Festival 2023: San Cosme is filled with music!"},"content":{"rendered":"<p>[et_pb_section fb_built=&#8221;1&#8243; _builder_version=&#8221;4.10.8&#8243; _module_preset=&#8221;default&#8221; global_colors_info=&#8221;{}&#8221;][et_pb_row _builder_version=&#8221;4.10.8&#8243; _module_preset=&#8221;default&#8221; global_colors_info=&#8221;{}&#8221;][et_pb_column type=&#8221;4_4&#8243; _builder_version=&#8221;4.10.8&#8243; _module_preset=&#8221;default&#8221; global_colors_info=&#8221;{}&#8221;][et_pb_text _builder_version=&#8221;4.10.8&#8243; _module_preset=&#8221;default&#8221; global_colors_info=&#8221;{}&#8221;]In the heart of El <a href=\"https:\/\/www.elprat.cat\/\">Prat de Llobregat<\/a>, in Sant Cosme, a neighborhood known for its diversity and community spirit, <strong>an event is gestated that year after year captivates lovers of music and culture<\/strong>. It&#8217;s the <a href=\"https:\/\/festivalesperanzah.coop\/es\/\"><strong>Esperanzah! Festival<\/strong><\/a>, a vibrant encounter that transforms the streets of the neighborhood into a stage with <strong>global rhythms, solidarity and celebration on October 6, 7 and 8, 2023!<\/strong><\/p>\n<p>In a few weeks, Sant Cosme is preparing to receive visitors from all over, who will arrive wanting to <strong>immerse themselves in a unique experience where music becomes a bridge that unites cultures and creates knots<\/strong>.<\/p>\n<p>In this blog article, <strong>we invite you to discover everything that makes the Esperanzah! Festival a jewel in the cultural calendar of the neighborhood of the<\/strong> <a href=\"https:\/\/albergueesplaibarcelona.com\/en\/\">Hostel Center Esplai<\/a>! Why&#8230; Did you know that it takes place in <a href=\"https:\/\/www.elprat.cat\/turisme\/altres-punts-dinteres\/parc-nou\">Parc Nou<\/a>, right next to Centre Esplai? From its exciting musical program and its positive impact on society, you will immerse yourself in a journey full of emotions and <em>good vibrations<\/em>. <strong>Get ready to let yourself be carried away by the sounds of the world and the magic of San Cosme at the 2023 edition of the Esperanzah Festival!<\/strong>[\/et_pb_text][et_pb_text _builder_version=&#8221;4.10.8&#8243; _module_preset=&#8221;default&#8221; custom_margin=&#8221;30px||30px||false|false&#8221; global_colors_info=&#8221;{}&#8221;]<\/p>\n<p style=\"text-align: center;\"><strong><i class=\"fa-solid fa-music\"><\/i> Below you can watch the after-movie of the 2022 edition of the festival!<\/strong><\/p>\n<p>[\/et_pb_text][et_pb_video src=&#8221;https:\/\/www.youtube.com\/watch?v=E0eakvopQvs&#038;ab_channel=FestivalEsperanzah%21&#8243; _builder_version=&#8221;4.10.8&#8243; _module_preset=&#8221;default&#8221; module_alignment=&#8221;center&#8221; global_colors_info=&#8221;{}&#8221;][\/et_pb_video][et_pb_divider _builder_version=&#8221;4.10.8&#8243; _module_preset=&#8221;default&#8221; custom_margin=&#8221;40px||30px||false|false&#8221; global_colors_info=&#8221;{}&#8221;][\/et_pb_divider][\/et_pb_column][\/et_pb_row][et_pb_row _builder_version=&#8221;4.10.8&#8243; _module_preset=&#8221;default&#8221; global_colors_info=&#8221;{}&#8221;][et_pb_column type=&#8221;4_4&#8243; _builder_version=&#8221;4.10.8&#8243; _module_preset=&#8221;default&#8221; global_colors_info=&#8221;{}&#8221;][et_pb_text _builder_version=&#8221;4.10.8&#8243; _module_preset=&#8221;default&#8221; global_colors_info=&#8221;{}&#8221;]<\/p>\n<ul>\n<li>\n<h3>The Festival<\/h3>\n<\/li>\n<\/ul>\n<p>Esperanzah is a<strong> cooperative festival made up of a good network of people, groups and entities<\/strong>. We are talking about a horizontal and democratic model, and non-profit. In 2008 this festival premiered with a performance by <a href=\"https:\/\/es.wikipedia.org\/wiki\/Manu_Chao\">Manu Chao<\/a>. Here are some interesting points about the Esperanzah Festival that will help you get to know it better:<\/p>\n<p>[\/et_pb_text][et_pb_text admin_label=&#8221;Diners entrada&#8221; _builder_version=&#8221;4.10.8&#8243; _module_preset=&#8221;default&#8221; custom_margin=&#8221;30px||||false|false&#8221; global_colors_info=&#8221;{}&#8221;]<\/p>\n<ul>\n<li>All tickets purchased for this festival are a donation. The way you read it: <strong>the money from these tickets goes 100% to projects that help build a fairer, more caring, sustainable and regenerative world<\/strong>.<\/li>\n<\/ul>\n<p>[\/et_pb_text][et_pb_text admin_label=&#8221;Ecosistema economia social&#8221; _builder_version=&#8221;4.10.8&#8243; _module_preset=&#8221;default&#8221; custom_margin=&#8221;20px||||false|false&#8221; global_colors_info=&#8221;{}&#8221;]<\/p>\n<ul>\n<li>This festival has managed to create a <strong>local ecosystem of social and solidarity economy with more than 75 projects and<\/strong> initiatives that have generated more than 240 jobs. Amazing, right?<\/li>\n<\/ul>\n<p>[\/et_pb_text][et_pb_text admin_label=&#8221;coo grups&#8221; _builder_version=&#8221;4.10.8&#8243; _module_preset=&#8221;default&#8221; custom_margin=&#8221;20px||||false|false&#8221; global_colors_info=&#8221;{}&#8221;]<\/p>\n<ul>\n<li>Esperanzah tries to transform the world of culture: <strong>they promote the social economy and<\/strong> <strong>accompany the cooperativization of music groups<\/strong>, as has been the case of <a href=\"https:\/\/bpo.cat\/es\/\">Balkan Paradise Orchestra<\/a>, <a href=\"https:\/\/www.somosmarujalimon.com\/\">Maruja Lim\u00f3n<\/a>, <a href=\"https:\/\/www.txarango.com\/\">Txarango<\/a>, etc.<\/li>\n<\/ul>\n<p>[\/et_pb_text][et_pb_text admin_label=&#8221;artistes femenines&#8221; _builder_version=&#8221;4.10.8&#8243; _module_preset=&#8221;default&#8221; custom_margin=&#8221;20px||||false|false&#8221; global_colors_info=&#8221;{}&#8221;]<\/p>\n<ul>\n<li>Did you know that in 2018 the Esperanzah Festival made history within the sector? <strong>It was the first festival to program a 100% female line-up (including technical and security teams)<\/strong> with more than 40 artists in it.<\/li>\n<\/ul>\n<p>[\/et_pb_text][et_pb_text admin_label=&#8221;400.000&#8243; _builder_version=&#8221;4.10.8&#8243; _module_preset=&#8221;default&#8221; custom_margin=&#8221;20px||||false|false&#8221; global_colors_info=&#8221;{}&#8221;]<\/p>\n<ul>\n<li>During these years of different editions of the Esperanzah Festival, it <strong>has raised and donated more than \u20ac 400,000 to organizations such as <a href=\"https:\/\/www.openarms.es\/es\">Open Arms<\/a>, <a href=\"https:\/\/caminandofronteras.org\/\">Caminando Fronteras<\/a>, <a href=\"https:\/\/www.lesdonessaviesdesantcosme.org\/\">Mujeres Sav\u00edas de San Cosme<\/a><\/strong>,<strong><a href=\"https:\/\/nzuri-daima.org\/\"> Nzuri Daima<\/a>, <a href=\"https:\/\/stopmaremortum.org\/\">Stop Mare Mortum<\/a> and many more.<\/strong><\/li>\n<\/ul>\n<p>[\/et_pb_text][et_pb_gallery gallery_ids=&#8221;17132,17137,17142,17147&#8243; show_title_and_caption=&#8221;off&#8221; show_pagination=&#8221;off&#8221; _builder_version=&#8221;4.10.8&#8243; _module_preset=&#8221;default&#8221; custom_margin=&#8221;30px||||false|false&#8221; global_colors_info=&#8221;{}&#8221;][\/et_pb_gallery][et_pb_divider _builder_version=&#8221;4.10.8&#8243; _module_preset=&#8221;default&#8221; custom_margin=&#8221;40px||30px||false|false&#8221; global_colors_info=&#8221;{}&#8221;][\/et_pb_divider][\/et_pb_column][\/et_pb_row][et_pb_row _builder_version=&#8221;4.10.8&#8243; _module_preset=&#8221;default&#8221; global_colors_info=&#8221;{}&#8221;][et_pb_column type=&#8221;4_4&#8243; _builder_version=&#8221;4.10.8&#8243; _module_preset=&#8221;default&#8221; global_colors_info=&#8221;{}&#8221;][et_pb_text _builder_version=&#8221;4.10.8&#8243; _module_preset=&#8221;default&#8221; custom_margin=&#8221;40px||||false|false&#8221; global_colors_info=&#8221;{}&#8221;]<\/p>\n<ul>\n<li style=\"text-align: left;\">\n<h3>Testimonials from previous editions<\/h3>\n<\/li>\n<\/ul>\n<p style=\"text-align: left;\"><em>These opinions were taken from Google reviews.<\/em><\/p>\n<p>[\/et_pb_text][et_pb_testimonial author=&#8221;Anna Verd\u00fa&#8221; _builder_version=&#8221;4.10.8&#8243; _module_preset=&#8221;default&#8221; custom_margin=&#8221;30px||||false|false&#8221; global_colors_info=&#8221;{}&#8221;]Very familiar festival, but with a great atmosphere. Very friendly volunteers and organizers willing to help at all times. Totally recommended![\/et_pb_testimonial][et_pb_testimonial author=&#8221;Marc Moreno&#8221; _builder_version=&#8221;4.10.8&#8243; _module_preset=&#8221;default&#8221; custom_margin=&#8221;30px||||false|false&#8221; global_colors_info=&#8221;{}&#8221;]A place where it becomes clear that another type of world is possible.[\/et_pb_testimonial][et_pb_testimonial author=&#8221;Rafa Xirivella&#8221; _builder_version=&#8221;4.10.8&#8243; _module_preset=&#8221;default&#8221; custom_margin=&#8221;30px||||false|false&#8221; global_colors_info=&#8221;{}&#8221;]A corner in this world where you can see that its transformation is possible[\/et_pb_testimonial][et_pb_button button_url=&#8221;https:\/\/www.ticketic.org\/ca\/entrades\/festival-esperanzah-2023&#8243; button_text=&#8221;Get your tickets here&#8221; button_alignment=&#8221;center&#8221; _builder_version=&#8221;4.10.8&#8243; _module_preset=&#8221;default&#8221; custom_margin=&#8221;30px||30px||false|false&#8221; global_colors_info=&#8221;{}&#8221;][\/et_pb_button][et_pb_divider _builder_version=&#8221;4.10.8&#8243; _module_preset=&#8221;default&#8221; custom_margin=&#8221;40px||30px||false|false&#8221; global_colors_info=&#8221;{}&#8221;][\/et_pb_divider][\/et_pb_column][\/et_pb_row][et_pb_row column_structure=&#8221;2_5,3_5&#8243; disabled_on=&#8221;on|on|on&#8221; _builder_version=&#8221;4.10.8&#8243; _module_preset=&#8221;default&#8221; disabled=&#8221;on&#8221; global_colors_info=&#8221;{}&#8221;][et_pb_column type=&#8221;2_5&#8243; _builder_version=&#8221;4.10.8&#8243; _module_preset=&#8221;default&#8221; global_colors_info=&#8221;{}&#8221;][et_pb_code _builder_version=&#8221;4.10.8&#8243; _module_preset=&#8221;default&#8221; text_orientation=&#8221;center&#8221; global_colors_info=&#8221;{}&#8221;]<iframe loading=\"lazy\" width=\"400\" height=\"400\" src=\"https:\/\/www.instagram.com\/p\/CxdXnu0MfUc\/embed\/\" frameborder=\"0\"><\/iframe><!-- [et_pb_line_break_holder] -->[\/et_pb_code][\/et_pb_column][et_pb_column type=&#8221;3_5&#8243; _builder_version=&#8221;4.10.8&#8243; _module_preset=&#8221;default&#8221; global_colors_info=&#8221;{}&#8221;][et_pb_text _builder_version=&#8221;4.10.8&#8243; _module_preset=&#8221;default&#8221; global_colors_info=&#8221;{}&#8221;]<\/p>\n<h3> <\/h3>\n<h3>Do you want to participate in the draw for 2 double tickets?<\/h3>\n<p>It&#8217;s simple! You just have to enter the <a href=\"https:\/\/www.instagram.com\/p\/CxdXnu0MfUc\/?img_index=1\">Instagram<\/a> post, follow us <a href=\"https:\/\/www.instagram.com\/fundesplai\/\">@Fundesplai<\/a> and <a href=\"https:\/\/www.instagram.com\/festivalesperanzah\/\">@festivalesperanzah<\/a>, like the post and comment tagging the person with whom you would like to come to the festival!<\/p>\n<p>Good luck! <span class=\"fe5nidar khvhiq1o r5qsrrlp i5tg98hk f9ovudaz przvwfww gx1rr48f gfz4du6o r7fjleex nz2484kf svot0ezm dcnh1tix sxl192xd t3g6t33p\"><span class=\"mpj7bzys xzlurrtv\">?<\/span><\/span><span class=\"fe5nidar khvhiq1o r5qsrrlp i5tg98hk f9ovudaz przvwfww gx1rr48f gfz4du6o r7fjleex nz2484kf svot0ezm dcnh1tix sxl192xd t3g6t33p\"><span class=\"mpj7bzys xzlurrtv\">?<\/span><\/span><span class=\"fe5nidar khvhiq1o r5qsrrlp i5tg98hk f9ovudaz przvwfww gx1rr48f gfz4du6o r7fjleex nz2484kf svot0ezm dcnh1tix sxl192xd t3g6t33p\"><span class=\"mpj7bzys xzlurrtv\">?<\/span><\/span><\/p>\n<p>[\/et_pb_text][\/et_pb_column][\/et_pb_row][\/et_pb_section]<\/p>\n","protected":false},"excerpt":{"rendered":"<p>In the heart of El Prat de Llobregat, in Sant Cosme, a neighborhood known for its diversity and community spirit, an event is gestated that year after year captivates lovers of music and culture. It&#8217;s the Esperanzah! Festival, a vibrant encounter that transforms the streets of the neighborhood into a stage with global rhythms, solidarity [&hellip;]<\/p>\n","protected":false},"author":6,"featured_media":17239,"comment_status":"closed","ping_status":"closed","sticky":false,"template":"","format":"standard","meta":{"_et_pb_use_builder":"on","_et_pb_old_content":"","_et_gb_content_width":"","footnotes":""},"categories":[61,23,59],"tags":[],"class_list":["post-17381","post","type-post","status-publish","format-standard","has-post-thumbnail","hentry","category-barcelona-with-kids","category-hostel-news","category-what-to-do"],"yoast_head":"<!-- This site is optimized with the Yoast SEO plugin v27.5 - https:\/\/yoast.com\/product\/yoast-seo-wordpress\/ -->\n<title>Esperanzah Festival 2023: San Cosme is filled with music! - Albergue Centre Esplai<\/title>\n<meta name=\"description\" content=\"Get ready to let yourself be carried away by the sounds of the world and the magic of San Cosme at the 2023 edition of the Esperanzah Festival!\" \/>\n<meta name=\"robots\" content=\"index, follow, max-snippet:-1, max-image-preview:large, max-video-preview:-1\" \/>\n<link rel=\"canonical\" href=\"https:\/\/albergueesplaibarcelona.com\/en\/blog-en\/hostel-news\/esperanzah-festival-2023-san-cosme-is-filled-with-music\/\" \/>\n<meta property=\"og:locale\" content=\"en_US\" \/>\n<meta property=\"og:type\" content=\"article\" \/>\n<meta property=\"og:title\" content=\"Esperanzah Festival 2023: San Cosme is filled with music! - Albergue Centre Esplai\" \/>\n<meta property=\"og:description\" content=\"Get ready to let yourself be carried away by the sounds of the world and the magic of San Cosme at the 2023 edition of the Esperanzah Festival!\" \/>\n<meta property=\"og:url\" content=\"https:\/\/albergueesplaibarcelona.com\/en\/blog-en\/hostel-news\/esperanzah-festival-2023-san-cosme-is-filled-with-music\/\" \/>\n<meta property=\"og:site_name\" content=\"Albergue Centre Esplai\" \/>\n<meta property=\"article:published_time\" content=\"2023-10-02T09:53:46+00:00\" \/>\n<meta property=\"article:modified_time\" content=\"2023-10-02T09:54:00+00:00\" \/>\n<meta property=\"og:image\" content=\"https:\/\/albergueesplaibarcelona.com\/wp-content\/uploads\/2023\/09\/fotos-highlights-Manu-4-1920x1281-1.jpg\" \/>\n\t<meta property=\"og:image:width\" content=\"1920\" \/>\n\t<meta property=\"og:image:height\" content=\"1281\" \/>\n\t<meta property=\"og:image:type\" content=\"image\/jpeg\" \/>\n<meta name=\"author\" content=\"Cristina Espinosa Colom\u00e9\" \/>\n<meta name=\"twitter:card\" content=\"summary_large_image\" \/>\n<meta name=\"twitter:label1\" content=\"Written by\" \/>\n\t<meta name=\"twitter:data1\" content=\"Cristina Espinosa Colom\u00e9\" \/>\n\t<meta name=\"twitter:label2\" content=\"Est. reading time\" \/>\n\t<meta name=\"twitter:data2\" content=\"4 minutes\" \/>\n<script type=\"application\/ld+json\" class=\"yoast-schema-graph\">{\"@context\":\"https:\\\/\\\/schema.org\",\"@graph\":[{\"@type\":\"Article\",\"@id\":\"https:\\\/\\\/albergueesplaibarcelona.com\\\/en\\\/blog-en\\\/hostel-news\\\/esperanzah-festival-2023-san-cosme-is-filled-with-music\\\/#article\",\"isPartOf\":{\"@id\":\"https:\\\/\\\/albergueesplaibarcelona.com\\\/en\\\/blog-en\\\/hostel-news\\\/esperanzah-festival-2023-san-cosme-is-filled-with-music\\\/\"},\"author\":{\"name\":\"Cristina Espinosa Colom\u00e9\",\"@id\":\"https:\\\/\\\/albergueesplaibarcelona.com\\\/en\\\/#\\\/schema\\\/person\\\/207b9e504146116f51fecbd705c33396\"},\"headline\":\"Esperanzah Festival 2023: San Cosme is filled with music!\",\"datePublished\":\"2023-10-02T09:53:46+00:00\",\"dateModified\":\"2023-10-02T09:54:00+00:00\",\"mainEntityOfPage\":{\"@id\":\"https:\\\/\\\/albergueesplaibarcelona.com\\\/en\\\/blog-en\\\/hostel-news\\\/esperanzah-festival-2023-san-cosme-is-filled-with-music\\\/\"},\"wordCount\":1134,\"publisher\":{\"@id\":\"https:\\\/\\\/albergueesplaibarcelona.com\\\/en\\\/#organization\"},\"image\":{\"@id\":\"https:\\\/\\\/albergueesplaibarcelona.com\\\/en\\\/blog-en\\\/hostel-news\\\/esperanzah-festival-2023-san-cosme-is-filled-with-music\\\/#primaryimage\"},\"thumbnailUrl\":\"https:\\\/\\\/albergueesplaibarcelona.com\\\/wp-content\\\/uploads\\\/2023\\\/09\\\/fotos-highlights-Manu-4-1920x1281-1.jpg\",\"articleSection\":[\"Barcelona with kids\",\"Hostel news\",\"What to do\"],\"inLanguage\":\"en-US\"},{\"@type\":\"WebPage\",\"@id\":\"https:\\\/\\\/albergueesplaibarcelona.com\\\/en\\\/blog-en\\\/hostel-news\\\/esperanzah-festival-2023-san-cosme-is-filled-with-music\\\/\",\"url\":\"https:\\\/\\\/albergueesplaibarcelona.com\\\/en\\\/blog-en\\\/hostel-news\\\/esperanzah-festival-2023-san-cosme-is-filled-with-music\\\/\",\"name\":\"Esperanzah Festival 2023: San Cosme is filled with music! - Albergue Centre Esplai\",\"isPartOf\":{\"@id\":\"https:\\\/\\\/albergueesplaibarcelona.com\\\/en\\\/#website\"},\"primaryImageOfPage\":{\"@id\":\"https:\\\/\\\/albergueesplaibarcelona.com\\\/en\\\/blog-en\\\/hostel-news\\\/esperanzah-festival-2023-san-cosme-is-filled-with-music\\\/#primaryimage\"},\"image\":{\"@id\":\"https:\\\/\\\/albergueesplaibarcelona.com\\\/en\\\/blog-en\\\/hostel-news\\\/esperanzah-festival-2023-san-cosme-is-filled-with-music\\\/#primaryimage\"},\"thumbnailUrl\":\"https:\\\/\\\/albergueesplaibarcelona.com\\\/wp-content\\\/uploads\\\/2023\\\/09\\\/fotos-highlights-Manu-4-1920x1281-1.jpg\",\"datePublished\":\"2023-10-02T09:53:46+00:00\",\"dateModified\":\"2023-10-02T09:54:00+00:00\",\"description\":\"Get ready to let yourself be carried away by the sounds of the world and the magic of San Cosme at the 2023 edition of the Esperanzah Festival!\",\"breadcrumb\":{\"@id\":\"https:\\\/\\\/albergueesplaibarcelona.com\\\/en\\\/blog-en\\\/hostel-news\\\/esperanzah-festival-2023-san-cosme-is-filled-with-music\\\/#breadcrumb\"},\"inLanguage\":\"en-US\",\"potentialAction\":[{\"@type\":\"ReadAction\",\"target\":[\"https:\\\/\\\/albergueesplaibarcelona.com\\\/en\\\/blog-en\\\/hostel-news\\\/esperanzah-festival-2023-san-cosme-is-filled-with-music\\\/\"]}]},{\"@type\":\"ImageObject\",\"inLanguage\":\"en-US\",\"@id\":\"https:\\\/\\\/albergueesplaibarcelona.com\\\/en\\\/blog-en\\\/hostel-news\\\/esperanzah-festival-2023-san-cosme-is-filled-with-music\\\/#primaryimage\",\"url\":\"https:\\\/\\\/albergueesplaibarcelona.com\\\/wp-content\\\/uploads\\\/2023\\\/09\\\/fotos-highlights-Manu-4-1920x1281-1.jpg\",\"contentUrl\":\"https:\\\/\\\/albergueesplaibarcelona.com\\\/wp-content\\\/uploads\\\/2023\\\/09\\\/fotos-highlights-Manu-4-1920x1281-1.jpg\",\"width\":1920,\"height\":1281,\"caption\":\"Festival Esperanzah 5. Fot\u00f2grafs Gisela S\u00e1nchez, Violeta Palaz\u00f3n, Miriam Music Media, Javy Puntas i Joel Vera\"},{\"@type\":\"BreadcrumbList\",\"@id\":\"https:\\\/\\\/albergueesplaibarcelona.com\\\/en\\\/blog-en\\\/hostel-news\\\/esperanzah-festival-2023-san-cosme-is-filled-with-music\\\/#breadcrumb\",\"itemListElement\":[{\"@type\":\"ListItem\",\"position\":1,\"name\":\"Home\",\"item\":\"https:\\\/\\\/albergueesplaibarcelona.com\\\/en\\\/\"},{\"@type\":\"ListItem\",\"position\":2,\"name\":\"Blog\",\"item\":\"https:\\\/\\\/albergueesplaibarcelona.com\\\/en\\\/blog-en\\\/\"},{\"@type\":\"ListItem\",\"position\":3,\"name\":\"Hostel news\",\"item\":\"https:\\\/\\\/albergueesplaibarcelona.com\\\/en\\\/blog-en\\\/hostel-news\\\/\"},{\"@type\":\"ListItem\",\"position\":4,\"name\":\"Esperanzah Festival 2023: San Cosme is filled with music!\"}]},{\"@type\":\"WebSite\",\"@id\":\"https:\\\/\\\/albergueesplaibarcelona.com\\\/en\\\/#website\",\"url\":\"https:\\\/\\\/albergueesplaibarcelona.com\\\/en\\\/\",\"name\":\"Albergue Centre Esplai\",\"description\":\"Alberg\",\"publisher\":{\"@id\":\"https:\\\/\\\/albergueesplaibarcelona.com\\\/en\\\/#organization\"},\"potentialAction\":[{\"@type\":\"SearchAction\",\"target\":{\"@type\":\"EntryPoint\",\"urlTemplate\":\"https:\\\/\\\/albergueesplaibarcelona.com\\\/en\\\/?s={search_term_string}\"},\"query-input\":{\"@type\":\"PropertyValueSpecification\",\"valueRequired\":true,\"valueName\":\"search_term_string\"}}],\"inLanguage\":\"en-US\"},{\"@type\":\"Organization\",\"@id\":\"https:\\\/\\\/albergueesplaibarcelona.com\\\/en\\\/#organization\",\"name\":\"Albergue Centre Esplai\",\"url\":\"https:\\\/\\\/albergueesplaibarcelona.com\\\/en\\\/\",\"logo\":{\"@type\":\"ImageObject\",\"inLanguage\":\"en-US\",\"@id\":\"https:\\\/\\\/albergueesplaibarcelona.com\\\/en\\\/#\\\/schema\\\/logo\\\/image\\\/\",\"url\":\"https:\\\/\\\/albergueesplaibarcelona.com\\\/wp-content\\\/uploads\\\/2020\\\/12\\\/logo_alberg_centre_esplai-e1608117409320.png\",\"contentUrl\":\"https:\\\/\\\/albergueesplaibarcelona.com\\\/wp-content\\\/uploads\\\/2020\\\/12\\\/logo_alberg_centre_esplai-e1608117409320.png\",\"width\":500,\"height\":241,\"caption\":\"Albergue Centre Esplai\"},\"image\":{\"@id\":\"https:\\\/\\\/albergueesplaibarcelona.com\\\/en\\\/#\\\/schema\\\/logo\\\/image\\\/\"}},{\"@type\":\"Person\",\"@id\":\"https:\\\/\\\/albergueesplaibarcelona.com\\\/en\\\/#\\\/schema\\\/person\\\/207b9e504146116f51fecbd705c33396\",\"name\":\"Cristina Espinosa Colom\u00e9\",\"image\":{\"@type\":\"ImageObject\",\"inLanguage\":\"en-US\",\"@id\":\"https:\\\/\\\/secure.gravatar.com\\\/avatar\\\/5c055e483e79baf8f2898f968d705db458690241795f16b3e0ff8fd47bdac10e?s=96&d=mm&r=g\",\"url\":\"https:\\\/\\\/secure.gravatar.com\\\/avatar\\\/5c055e483e79baf8f2898f968d705db458690241795f16b3e0ff8fd47bdac10e?s=96&d=mm&r=g\",\"contentUrl\":\"https:\\\/\\\/secure.gravatar.com\\\/avatar\\\/5c055e483e79baf8f2898f968d705db458690241795f16b3e0ff8fd47bdac10e?s=96&d=mm&r=g\",\"caption\":\"Cristina Espinosa Colom\u00e9\"},\"url\":\"https:\\\/\\\/albergueesplaibarcelona.com\\\/en\\\/author\\\/cespinosa\\\/\"}]}<\/script>\n<!-- \/ Yoast SEO plugin. -->","yoast_head_json":{"title":"Esperanzah Festival 2023: San Cosme is filled with music! - Albergue Centre Esplai","description":"Get ready to let yourself be carried away by the sounds of the world and the magic of San Cosme at the 2023 edition of the Esperanzah Festival!","robots":{"index":"index","follow":"follow","max-snippet":"max-snippet:-1","max-image-preview":"max-image-preview:large","max-video-preview":"max-video-preview:-1"},"canonical":"https:\/\/albergueesplaibarcelona.com\/en\/blog-en\/hostel-news\/esperanzah-festival-2023-san-cosme-is-filled-with-music\/","og_locale":"en_US","og_type":"article","og_title":"Esperanzah Festival 2023: San Cosme is filled with music! - Albergue Centre Esplai","og_description":"Get ready to let yourself be carried away by the sounds of the world and the magic of San Cosme at the 2023 edition of the Esperanzah Festival!","og_url":"https:\/\/albergueesplaibarcelona.com\/en\/blog-en\/hostel-news\/esperanzah-festival-2023-san-cosme-is-filled-with-music\/","og_site_name":"Albergue Centre Esplai","article_published_time":"2023-10-02T09:53:46+00:00","article_modified_time":"2023-10-02T09:54:00+00:00","og_image":[{"width":1920,"height":1281,"url":"https:\/\/albergueesplaibarcelona.com\/wp-content\/uploads\/2023\/09\/fotos-highlights-Manu-4-1920x1281-1.jpg","type":"image\/jpeg"}],"author":"Cristina Espinosa Colom\u00e9","twitter_card":"summary_large_image","twitter_misc":{"Written by":"Cristina Espinosa Colom\u00e9","Est. reading time":"4 minutes"},"schema":{"@context":"https:\/\/schema.org","@graph":[{"@type":"Article","@id":"https:\/\/albergueesplaibarcelona.com\/en\/blog-en\/hostel-news\/esperanzah-festival-2023-san-cosme-is-filled-with-music\/#article","isPartOf":{"@id":"https:\/\/albergueesplaibarcelona.com\/en\/blog-en\/hostel-news\/esperanzah-festival-2023-san-cosme-is-filled-with-music\/"},"author":{"name":"Cristina Espinosa Colom\u00e9","@id":"https:\/\/albergueesplaibarcelona.com\/en\/#\/schema\/person\/207b9e504146116f51fecbd705c33396"},"headline":"Esperanzah Festival 2023: San Cosme is filled with music!","datePublished":"2023-10-02T09:53:46+00:00","dateModified":"2023-10-02T09:54:00+00:00","mainEntityOfPage":{"@id":"https:\/\/albergueesplaibarcelona.com\/en\/blog-en\/hostel-news\/esperanzah-festival-2023-san-cosme-is-filled-with-music\/"},"wordCount":1134,"publisher":{"@id":"https:\/\/albergueesplaibarcelona.com\/en\/#organization"},"image":{"@id":"https:\/\/albergueesplaibarcelona.com\/en\/blog-en\/hostel-news\/esperanzah-festival-2023-san-cosme-is-filled-with-music\/#primaryimage"},"thumbnailUrl":"https:\/\/albergueesplaibarcelona.com\/wp-content\/uploads\/2023\/09\/fotos-highlights-Manu-4-1920x1281-1.jpg","articleSection":["Barcelona with kids","Hostel news","What to do"],"inLanguage":"en-US"},{"@type":"WebPage","@id":"https:\/\/albergueesplaibarcelona.com\/en\/blog-en\/hostel-news\/esperanzah-festival-2023-san-cosme-is-filled-with-music\/","url":"https:\/\/albergueesplaibarcelona.com\/en\/blog-en\/hostel-news\/esperanzah-festival-2023-san-cosme-is-filled-with-music\/","name":"Esperanzah Festival 2023: San Cosme is filled with music! - Albergue Centre Esplai","isPartOf":{"@id":"https:\/\/albergueesplaibarcelona.com\/en\/#website"},"primaryImageOfPage":{"@id":"https:\/\/albergueesplaibarcelona.com\/en\/blog-en\/hostel-news\/esperanzah-festival-2023-san-cosme-is-filled-with-music\/#primaryimage"},"image":{"@id":"https:\/\/albergueesplaibarcelona.com\/en\/blog-en\/hostel-news\/esperanzah-festival-2023-san-cosme-is-filled-with-music\/#primaryimage"},"thumbnailUrl":"https:\/\/albergueesplaibarcelona.com\/wp-content\/uploads\/2023\/09\/fotos-highlights-Manu-4-1920x1281-1.jpg","datePublished":"2023-10-02T09:53:46+00:00","dateModified":"2023-10-02T09:54:00+00:00","description":"Get ready to let yourself be carried away by the sounds of the world and the magic of San Cosme at the 2023 edition of the Esperanzah Festival!","breadcrumb":{"@id":"https:\/\/albergueesplaibarcelona.com\/en\/blog-en\/hostel-news\/esperanzah-festival-2023-san-cosme-is-filled-with-music\/#breadcrumb"},"inLanguage":"en-US","potentialAction":[{"@type":"ReadAction","target":["https:\/\/albergueesplaibarcelona.com\/en\/blog-en\/hostel-news\/esperanzah-festival-2023-san-cosme-is-filled-with-music\/"]}]},{"@type":"ImageObject","inLanguage":"en-US","@id":"https:\/\/albergueesplaibarcelona.com\/en\/blog-en\/hostel-news\/esperanzah-festival-2023-san-cosme-is-filled-with-music\/#primaryimage","url":"https:\/\/albergueesplaibarcelona.com\/wp-content\/uploads\/2023\/09\/fotos-highlights-Manu-4-1920x1281-1.jpg","contentUrl":"https:\/\/albergueesplaibarcelona.com\/wp-content\/uploads\/2023\/09\/fotos-highlights-Manu-4-1920x1281-1.jpg","width":1920,"height":1281,"caption":"Festival Esperanzah 5. Fot\u00f2grafs Gisela S\u00e1nchez, Violeta Palaz\u00f3n, Miriam Music Media, Javy Puntas i Joel Vera"},{"@type":"BreadcrumbList","@id":"https:\/\/albergueesplaibarcelona.com\/en\/blog-en\/hostel-news\/esperanzah-festival-2023-san-cosme-is-filled-with-music\/#breadcrumb","itemListElement":[{"@type":"ListItem","position":1,"name":"Home","item":"https:\/\/albergueesplaibarcelona.com\/en\/"},{"@type":"ListItem","position":2,"name":"Blog","item":"https:\/\/albergueesplaibarcelona.com\/en\/blog-en\/"},{"@type":"ListItem","position":3,"name":"Hostel news","item":"https:\/\/albergueesplaibarcelona.com\/en\/blog-en\/hostel-news\/"},{"@type":"ListItem","position":4,"name":"Esperanzah Festival 2023: San Cosme is filled with music!"}]},{"@type":"WebSite","@id":"https:\/\/albergueesplaibarcelona.com\/en\/#website","url":"https:\/\/albergueesplaibarcelona.com\/en\/","name":"Albergue Centre Esplai","description":"Alberg","publisher":{"@id":"https:\/\/albergueesplaibarcelona.com\/en\/#organization"},"potentialAction":[{"@type":"SearchAction","target":{"@type":"EntryPoint","urlTemplate":"https:\/\/albergueesplaibarcelona.com\/en\/?s={search_term_string}"},"query-input":{"@type":"PropertyValueSpecification","valueRequired":true,"valueName":"search_term_string"}}],"inLanguage":"en-US"},{"@type":"Organization","@id":"https:\/\/albergueesplaibarcelona.com\/en\/#organization","name":"Albergue Centre Esplai","url":"https:\/\/albergueesplaibarcelona.com\/en\/","logo":{"@type":"ImageObject","inLanguage":"en-US","@id":"https:\/\/albergueesplaibarcelona.com\/en\/#\/schema\/logo\/image\/","url":"https:\/\/albergueesplaibarcelona.com\/wp-content\/uploads\/2020\/12\/logo_alberg_centre_esplai-e1608117409320.png","contentUrl":"https:\/\/albergueesplaibarcelona.com\/wp-content\/uploads\/2020\/12\/logo_alberg_centre_esplai-e1608117409320.png","width":500,"height":241,"caption":"Albergue Centre Esplai"},"image":{"@id":"https:\/\/albergueesplaibarcelona.com\/en\/#\/schema\/logo\/image\/"}},{"@type":"Person","@id":"https:\/\/albergueesplaibarcelona.com\/en\/#\/schema\/person\/207b9e504146116f51fecbd705c33396","name":"Cristina Espinosa Colom\u00e9","image":{"@type":"ImageObject","inLanguage":"en-US","@id":"https:\/\/secure.gravatar.com\/avatar\/5c055e483e79baf8f2898f968d705db458690241795f16b3e0ff8fd47bdac10e?s=96&d=mm&r=g","url":"https:\/\/secure.gravatar.com\/avatar\/5c055e483e79baf8f2898f968d705db458690241795f16b3e0ff8fd47bdac10e?s=96&d=mm&r=g","contentUrl":"https:\/\/secure.gravatar.com\/avatar\/5c055e483e79baf8f2898f968d705db458690241795f16b3e0ff8fd47bdac10e?s=96&d=mm&r=g","caption":"Cristina Espinosa Colom\u00e9"},"url":"https:\/\/albergueesplaibarcelona.com\/en\/author\/cespinosa\/"}]}},"_links":{"self":[{"href":"https:\/\/albergueesplaibarcelona.com\/en\/wp-json\/wp\/v2\/posts\/17381","targetHints":{"allow":["GET"]}}],"collection":[{"href":"https:\/\/albergueesplaibarcelona.com\/en\/wp-json\/wp\/v2\/posts"}],"about":[{"href":"https:\/\/albergueesplaibarcelona.com\/en\/wp-json\/wp\/v2\/types\/post"}],"author":[{"embeddable":true,"href":"https:\/\/albergueesplaibarcelona.com\/en\/wp-json\/wp\/v2\/users\/6"}],"replies":[{"embeddable":true,"href":"https:\/\/albergueesplaibarcelona.com\/en\/wp-json\/wp\/v2\/comments?post=17381"}],"version-history":[{"count":9,"href":"https:\/\/albergueesplaibarcelona.com\/en\/wp-json\/wp\/v2\/posts\/17381\/revisions"}],"predecessor-version":[{"id":17396,"href":"https:\/\/albergueesplaibarcelona.com\/en\/wp-json\/wp\/v2\/posts\/17381\/revisions\/17396"}],"wp:featuredmedia":[{"embeddable":true,"href":"https:\/\/albergueesplaibarcelona.com\/en\/wp-json\/wp\/v2\/media\/17239"}],"wp:attachment":[{"href":"https:\/\/albergueesplaibarcelona.com\/en\/wp-json\/wp\/v2\/media?parent=17381"}],"wp:term":[{"taxonomy":"category","embeddable":true,"href":"https:\/\/albergueesplaibarcelona.com\/en\/wp-json\/wp\/v2\/categories?post=17381"},{"taxonomy":"post_tag","embeddable":true,"href":"https:\/\/albergueesplaibarcelona.com\/en\/wp-json\/wp\/v2\/tags?post=17381"}],"curies":[{"name":"wp","href":"https:\/\/api.w.org\/{rel}","templated":true}]}}